{"id":1025,"date":"2013-07-26T16:18:23","date_gmt":"2013-07-26T16:18:23","guid":{"rendered":"http:\/\/www.manifestacom.com\/grupo-julia-presenta-el-granada-city-tour\/"},"modified":"2017-05-05T08:59:36","modified_gmt":"2017-05-05T08:59:36","slug":"grupo-julia-presenta-el-granada-city-tour","status":"publish","type":"post","link":"https:\/\/www.manifestacom.com\/es\/grupo-julia-presenta-el-granada-city-tour\/","title":{"rendered":"Grupo Juli\u00e0 presenta el Granada City Tour"},"content":{"rendered":"<div id=\"attachment_1978\" class=\"wp-caption aligncenter\" style=\"width: 590px;\">\n<p><a href=\"http:\/\/www.manifestacom.com\/2013\/07\/26\/grupo-julia-presenta-el-granada-city-tour\/tren-alhambra-ciudad-1-2\/\" rel=\"attachment wp-att-1978\"><img loading=\"lazy\" decoding=\"async\" class=\"size-medium wp-image-1978\" title=\"Tren Alhambra - Ciudad 1\" src=\"http:\/\/www.manifestacom.com\/wp-content\/uploads\/2013\/07\/Tren-Alhambra-Ciudad-11-580x389.jpg\" alt=\"Acto de presentaci\u00f3n del Granada City Tour el pasado 18 de julio.\" width=\"580\" height=\"389\" \/><\/a><\/p>\n<p class=\"wp-caption-text\">Acto de presentaci\u00f3n del Granada City Tour el pasado 18 de julio.<\/p>\n<\/div>\n<p><strong>El jueves 18 de julio se ha presentado el Granada City Tour, el nuevo tren tur\u00edstico que comunicar\u00e1 Granada con la Alhambra y que realizar\u00e1 un recorrido tur\u00edstico por las zonas m\u00e1s emblem\u00e1ticas de la ciudad. El servicio estar\u00e1 operado por la Uni\u00f3n Temporal de Empresas (UTE) integrada por Grupo Juli\u00e0 y El Tren Progresa SL., despu\u00e9s de ganar la adjudicaci\u00f3n del concurso el pasado mes de mayo. La UTE operar\u00e1 el servicio tur\u00edstico durante 10 a\u00f1os, con un contrato prorrogable por cinco a\u00f1os m\u00e1s. En la puesta en marcha del Granada City Tour se han invertido 1,5 millones de euros.<\/strong><\/p>\n<div class=\"content\">\n<div class=\"content\">\n<p>Granada City Tour iniciar\u00e1 el servicio a finales del pr\u00f3ximo mes de septiembre y dar\u00e1 empleo en una primera fase a unas 15 personas. Contar\u00e1 con 4 veh\u00edculos h\u00edbridos completamente nuevos que circular\u00e1n a una velocidad m\u00e1xima de 25 km\/h. Gracias al sistema h\u00edbrido, los veh\u00edculos reducir\u00e1n los gases de emisi\u00f3n en m\u00e1s de un 40% respecto a los convencionales y gozar\u00e1n de mayor autonom\u00eda que un veh\u00edculo el\u00e9ctrico.<\/p>\n<p>Cada tren dispondr\u00e1 de dos vagones con capacidad para 30 personas cada uno y con techos panor\u00e1micos para permitir una mejor visibilidad a los usuarios. Tambi\u00e9n dispondr\u00e1n de audio georreferenciado, una aplicaci\u00f3n informativa para <em>smartphones<\/em>, calefacci\u00f3n, espacio para personas de movilidad reducida y pantallas TFT con informaci\u00f3n adicional sobre los puntos de inter\u00e9s tur\u00edsticos y los servicios de la ciudad.<\/p>\n<p>El precio del servicio tur\u00edstico para adultos ser\u00e1 de 6 \u20ac para los que den una vuelta completa y de 8 \u20ac para los que quieran viajar de manera ilimitada en un d\u00eda (modalidad <em>hop-on hop-off<\/em>). Los mayores de 65 a\u00f1os pagar\u00e1n 2 \u20ac por una vuelta completa y 4 \u20ac en modo <em>hop-on hop-off<\/em> mientras que los ni\u00f1os hasta 8 a\u00f1os viajar\u00e1n gratis en cualquiera de las modalidades.<\/p>\n<p>El Granada City Tour operar\u00e1 todos los d\u00edas del a\u00f1o con una frecuencia de paso aproximada, seg\u00fan temporada, de 15 minutos. Se han previsto dos rutas: un recorrido diurno de 8,4 kil\u00f3metros que, durante una hora, visitar\u00e1 los monumentos m\u00e1s importantes de Granada \u2014la Plaza Nueva, el Paseo de los Tristes, la placeta de Abad, la Calle Alh\u00f3ndigas, la Calle Molinos y el Paseo del Generalife, entre otros\u2014 partiendo de la Alhambra por la cuesta de Gom\u00e9rez y volviendo por la Cuesta del Caidero; y una ruta nocturna, de 30 minutos y 3,5 km, que partir\u00e1 de la Plaza Nueva y seguir\u00e1 por la Carrera del Darro para volver al mismo punto de partida a trav\u00e9s de la Calle Elvira.<\/p>\n<p>Como complemento al servicio tur\u00edstico y a petici\u00f3n del Ayuntamiento de Granada, el Granada City Tour suplir\u00e1 temporalmente la falta de conexi\u00f3n directa en transporte p\u00fablico entre el centro de la ciudad y el Albaic\u00edn. Por ello, los residentes en el barrio gozar\u00e1n de un precio especial comprando bonos de 10 recorridos mediante la presentaci\u00f3n del DNI. Todos los jubilados vecinos del barrio podr\u00e1n utilizarlo gratuitamente.<\/p>\n<p>A la presentaci\u00f3n del Granada City Tour han asistido, entre otros, el alcalde de Granada, Jos\u00e9 Torres Hurtado, el consejero de Cultura y Deporte de la Junta de Andaluc\u00eda, Luciano Alonso, el consejero delegado de Grupo Juli\u00e0, Jos\u00e9 F. Adell, y el representante de El Tren Progresa, Luis Miguel Garc\u00eda.<\/p>\n<\/div>\n<\/div>\n","protected":false},"excerpt":{"rendered":"<p>Acto de presentaci\u00f3n del Granada City Tour el pasado 18 de julio. El jueves 18 de julio se ha presentado el Granada City Tour, el nuevo tren tur\u00edstico que comunicar\u00e1 Granada con la Alhambra y que realizar\u00e1 un recorrido tur\u00edstico por las zonas m\u00e1s emblem\u00e1ticas&#8230;<\/p>\n","protected":false},"author":1,"featured_media":1026,"comment_status":"open","ping_status":"open","sticky":false,"template":"","format":"standard","meta":{"footnotes":""},"categories":[421],"tags":[],"home_featured":[],"class_list":["post-1025","post","type-post","status-publish","format-standard","has-post-thumbnail","hentry","category-el-post-es"],"acf":[],"_links":{"self":[{"href":"https:\/\/www.manifestacom.com\/es\/wp-json\/wp\/v2\/posts\/1025","targetHints":{"allow":["GET"]}}],"collection":[{"href":"https:\/\/www.manifestacom.com\/es\/wp-json\/wp\/v2\/posts"}],"about":[{"href":"https:\/\/www.manifestacom.com\/es\/wp-json\/wp\/v2\/types\/post"}],"author":[{"embeddable":true,"href":"https:\/\/www.manifestacom.com\/es\/wp-json\/wp\/v2\/users\/1"}],"replies":[{"embeddable":true,"href":"https:\/\/www.manifestacom.com\/es\/wp-json\/wp\/v2\/comments?post=1025"}],"version-history":[{"count":6,"href":"https:\/\/www.manifestacom.com\/es\/wp-json\/wp\/v2\/posts\/1025\/revisions"}],"predecessor-version":[{"id":1588,"href":"https:\/\/www.manifestacom.com\/es\/wp-json\/wp\/v2\/posts\/1025\/revisions\/1588"}],"wp:featuredmedia":[{"embeddable":true,"href":"https:\/\/www.manifestacom.com\/es\/wp-json\/wp\/v2\/media\/1026"}],"wp:attachment":[{"href":"https:\/\/www.manifestacom.com\/es\/wp-json\/wp\/v2\/media?parent=1025"}],"wp:term":[{"taxonomy":"category","embeddable":true,"href":"https:\/\/www.manifestacom.com\/es\/wp-json\/wp\/v2\/categories?post=1025"},{"taxonomy":"post_tag","embeddable":true,"href":"https:\/\/www.manifestacom.com\/es\/wp-json\/wp\/v2\/tags?post=1025"},{"taxonomy":"home_featured","embeddable":true,"href":"https:\/\/www.manifestacom.com\/es\/wp-json\/wp\/v2\/home_featured?post=1025"}],"curies":[{"name":"wp","href":"https:\/\/api.w.org\/{rel}","templated":true}]}}