{"id":1341,"date":"2013-04-22T19:05:15","date_gmt":"2013-04-22T19:05:15","guid":{"rendered":"http:\/\/www.manifestacom.com\/escraches-y-comunicacion-de-crisis-no-ataquen-las-victimas\/"},"modified":"2017-05-08T17:31:42","modified_gmt":"2017-05-08T17:31:42","slug":"escraches-y-comunicacion-de-crisis-no-ataquen-las-victimas","status":"publish","type":"post","link":"https:\/\/www.manifestacom.com\/es\/escraches-y-comunicacion-de-crisis-no-ataquen-las-victimas\/","title":{"rendered":"\u201cEscraches\u201d y comunicaci\u00f3n de crisis: no ataquen las v\u00edctimas"},"content":{"rendered":"<p><a href=\"http:\/\/www.manifestacom.com\/?attachment_id=1736\" rel=\"attachment wp-att-1736\"><img loading=\"lazy\" decoding=\"async\" class=\"aligncenter size-large wp-image-1736\" title=\"ESCRACHES -www-iloveclicks.es\" src=\"http:\/\/www.manifestacom.com\/wp-content\/uploads\/2013\/04\/ESCRACHES1-1024x686.jpg\" alt=\"\" width=\"1024\" height=\"686\" \/><\/a><\/p>\n<p>Lejos quedan los d\u00edas en que la estrategia de comunicaci\u00f3n de la <a href=\"http:\/\/afectadosporlahipoteca.com\/\">Plataforma de Afectados por la Hipoteca<\/a> (PAH), ignorada por los medios, se centraba en las redes sociales y las plataformas ciudadanas. La avalancha de informaciones y opiniones sobre el drama de las hipotecas desatada en las \u00faltimas semanas (todo el mundo quiere ser ahora el m\u00e1s sensibilizado) ha encarnado estos d\u00edas en el debate \u201cescraches s\u00ed; escraches no\u201d sobre la legitimidad de las protestas ante los domicilios y oficinas de algunos diputados.<\/p>\n<p>Hay opiniones y argumentos para todos los gustos, y todo debate, como no, es bienvenido. Sin embargo, como profesionales de la comunicaci\u00f3n no nos deja de sorprender la falta de destreza con la que los m\u00e1ximos dirigentes pol\u00edticos, que seguro que contar\u00e1n con buenos asesores, gestionan una situaci\u00f3n tan delicada. Tanto el presidente del Gobierno espa\u00f1ol Mariano Rajoy, que ha dicho que las acciones de presi\u00f3n de la PAH son <a href=\"http:\/\/www.elperiodico.cat\/ca\/noticias\/societat\/lescrache-pah-irrita-politics-dreta-esquerra-2349942\">\u201cprofundamente antidemocr\u00e1ticas\u201d<\/a>, como Cristina Cifuentes, delegada del Gobierno en Madrid, que ha vinculadola PAH con ETA o la secretaria general del Partido Popular y presidenta de Castilla \u2013La Mancha, M\u00aa Dolores de Cospedal, acusando de nazis a los miembros de la Plataforma, obvian premisas b\u00e1sicas de la comunicaci\u00f3n de crisis, como que cargar contra las v\u00edctimas nunca es una buena idea.<\/p>\n","protected":false},"excerpt":{"rendered":"<p>Lejos quedan los d\u00edas en que la estrategia de comunicaci\u00f3n de la Plataforma de Afectados por la Hipoteca (PAH), ignorada por los medios, se centraba en las redes sociales y las plataformas ciudadanas. La avalancha de informaciones y opiniones sobre el drama de las hipotecas&#8230;<\/p>\n","protected":false},"author":1,"featured_media":730,"comment_status":"open","ping_status":"open","sticky":false,"template":"","format":"standard","meta":{"footnotes":""},"categories":[422],"tags":[52,53,54,51],"home_featured":[],"class_list":["post-1341","post","type-post","status-publish","format-standard","has-post-thumbnail","hentry","category-la-noticia-y-el-comentario","tag-comunicacio-politica","tag-percepcio-publica","tag-politica","tag-comunicacio-de-crisi"],"acf":[],"_links":{"self":[{"href":"https:\/\/www.manifestacom.com\/es\/wp-json\/wp\/v2\/posts\/1341","targetHints":{"allow":["GET"]}}],"collection":[{"href":"https:\/\/www.manifestacom.com\/es\/wp-json\/wp\/v2\/posts"}],"about":[{"href":"https:\/\/www.manifestacom.com\/es\/wp-json\/wp\/v2\/types\/post"}],"author":[{"embeddable":true,"href":"https:\/\/www.manifestacom.com\/es\/wp-json\/wp\/v2\/users\/1"}],"replies":[{"embeddable":true,"href":"https:\/\/www.manifestacom.com\/es\/wp-json\/wp\/v2\/comments?post=1341"}],"version-history":[{"count":1,"href":"https:\/\/www.manifestacom.com\/es\/wp-json\/wp\/v2\/posts\/1341\/revisions"}],"predecessor-version":[{"id":1722,"href":"https:\/\/www.manifestacom.com\/es\/wp-json\/wp\/v2\/posts\/1341\/revisions\/1722"}],"wp:featuredmedia":[{"embeddable":true,"href":"https:\/\/www.manifestacom.com\/es\/wp-json\/wp\/v2\/media\/730"}],"wp:attachment":[{"href":"https:\/\/www.manifestacom.com\/es\/wp-json\/wp\/v2\/media?parent=1341"}],"wp:term":[{"taxonomy":"category","embeddable":true,"href":"https:\/\/www.manifestacom.com\/es\/wp-json\/wp\/v2\/categories?post=1341"},{"taxonomy":"post_tag","embeddable":true,"href":"https:\/\/www.manifestacom.com\/es\/wp-json\/wp\/v2\/tags?post=1341"},{"taxonomy":"home_featured","embeddable":true,"href":"https:\/\/www.manifestacom.com\/es\/wp-json\/wp\/v2\/home_featured?post=1341"}],"curies":[{"name":"wp","href":"https:\/\/api.w.org\/{rel}","templated":true}]}}