{"id":1342,"date":"2014-05-12T14:12:50","date_gmt":"2014-05-12T14:12:50","guid":{"rendered":"http:\/\/www.manifestacom.com\/bringourgirlsback-a-michelle-obama-y-a-cospedal-les-sale-el-tiro-por-la-culata\/"},"modified":"2017-05-08T16:31:52","modified_gmt":"2017-05-08T16:31:52","slug":"bringourgirlsback-a-michelle-obama-y-a-cospedal-les-sale-el-tiro-por-la-culata","status":"publish","type":"post","link":"https:\/\/www.manifestacom.com\/es\/bringourgirlsback-a-michelle-obama-y-a-cospedal-les-sale-el-tiro-por-la-culata\/","title":{"rendered":"#BringOurGirlsBack: a Michelle Obama y a Cospedal les sale el tiro por la culata"},"content":{"rendered":"<p>El delicado <a href=\"http:\/\/www.ara.cat\/estils_i_gent\/BringBackOurGirls-alliberar-segrestades-Nigeria-arrossega_0_1135086712.html\" target=\"_blank\">caso <\/a>de los centenares de ni\u00f1as secuestradas en Nigeria nos ha ofrecido estos d\u00edas m\u00e1s ejemplos de c\u00f3mo de f\u00e1cil es que los personajes p\u00fablicos que aprovechan campa\u00f1as en las redes sociales para ganar, es de suponer, visibilidad y prestigio les acabe saliendo el tiro por la culata. Es lo que tiene la espontaneidad y dificultad de control de Internet como espacio de debate p\u00fablico.<\/p>\n<p>Es lo que les ha pasado a la primera dama de los Estados Unidos <a href=\"https:\/\/twitter.com\/FLOTUS\/status\/464148654354628608\" target=\"_blank\">Michelle Obama<\/a> y a la secretaria general del PP, Mar\u00eda <a href=\"https:\/\/twitter.com\/mdcospedal\/status\/464418127171043328\" target=\"_blank\">Dolores de Cospedal<\/a>, tras decidir participar en la campa\u00f1a internacional <a href=\"https:\/\/twitter.com\/search?q=#BringBackOurGirls&amp;src=typd\" target=\"_blank\">#BringOurGirlsBack<\/a> que pide la liberaci\u00f3n de las ni\u00f1as. La visibilidad que han conseguido ha tenido resultados inesperados: algunos usuarios de Twitter han manipulado las im\u00e1genes oficiales para destacar asuntos de los que ellas pretend\u00edan desviar la atenci\u00f3n de la opini\u00f3n p\u00fablica.<\/p>\n<p>En el caso de Michelle Obama, los usuarios han aprovechado para criticar la pol\u00edtica exterior de los EE.UU. y apuntar la hipocres\u00eda del apoyo de la primera dama en la campa\u00f1a:<\/p>\n<blockquote class=\"twitter-tweet\" lang=\"ca\"><p>Michelle\u2019s efforts for <a href=\"https:\/\/twitter.com\/search?q=%23BringOurGirlsBack&amp;src=hash\">#BringOurGirlsBack<\/a> are backfiring as badly as <a href=\"https:\/\/twitter.com\/search?q=%23MyNYPD&amp;src=hash\">#MyNYPD<\/a> (US is interested in Oil not schoolkids) <a href=\"http:\/\/t.co\/09HjZDegQb\">pic.twitter.com\/09HjZDegQb<\/a><\/p>\n<p>\u2014 Ian56 (@Ian56789) <a href=\"https:\/\/twitter.com\/Ian56789\/statuses\/464740281955647488\">May 9, 2014<\/a><\/p><\/blockquote>\n<p>En el caso de Cospedal, las cr\u00edticas pol\u00edticas bien han evolucionado hacia todo tipo de bromas y estilos. A continuaci\u00f3n recogemos algunas de las variaciones de la <a href=\"https:\/\/twitter.com\/mdcospedal\/status\/464418127171043328\" target=\"_blank\">imagen inicial<\/a>. En el <a href=\"http:\/\/www.ara.cat\/xarxes\/BringBackOurGirls-Cospedal-intenta-mireu-passa_0_1135086720.html#rlabs=1\" target=\"_blank\">Diario Ara<\/a> y el <a href=\"http:\/\/www.huffingtonpost.es\/2014\/05\/08\/montajes-cospedal-ninas-nigeria_n_5288693.html\" target=\"_blank\">Huffington Post<\/a> pod\u00e9is ver m\u00e1s:<\/p>\n<blockquote class=\"twitter-tweet\" lang=\"ca\"><p>Cospedal se solidariza con las personas africanas \u00bfcon todas? Bueno, no, con todas no <a href=\"http:\/\/t.co\/DqSZkKmgIs\">pic.twitter.com\/DqSZkKmgIs<\/a><\/p>\n<p>\u2014 Starman (@StarmanCB) <a href=\"https:\/\/twitter.com\/StarmanCB\/statuses\/464448771804631043\">May 8, 2014<\/a><\/p><\/blockquote>\n<blockquote class=\"twitter-tweet\" lang=\"ca\"><p>No hacen falta palabras\u2026 <img decoding=\"async\" class=\"wp-smiley\" src=\"http:\/\/www.manifestacom.com\/wp-includes\/images\/smilies\/icon_razz.gif\" alt=\":P\" \/> <a href=\"https:\/\/twitter.com\/kurioso\">@kurioso<\/a> <a href=\"https:\/\/twitter.com\/search?q=%23PotochofCospedal&amp;src=hash\">#PotochofCospedal<\/a> <a href=\"http:\/\/t.co\/aMQektKKUx\">pic.twitter.com\/aMQektKKUx<\/a> \u2014 luiso (@luixo80) <a href=\"https:\/\/twitter.com\/luixo80\/statuses\/464426899314589697\">May 8, 2014<\/a><\/p><\/blockquote>\n<blockquote class=\"twitter-tweet\" lang=\"ca\"><p>Dolores de Cospedal demanant la llibertat per al pres pol\u00edtic Arnaldo Otegui: <a href=\"https:\/\/twitter.com\/search?q=%23FreeOtegui&amp;src=hash\">#FreeOtegui<\/a> <a href=\"http:\/\/t.co\/m32XAzPrYf\">pic.twitter.com\/m32XAzPrYf<\/a> \u2014 Heisenberg ||*|| DUI (@XAlermIlla) <a href=\"https:\/\/twitter.com\/XAlermIlla\/statuses\/464664378403721217\">May 9, 2014<\/a><\/p><\/blockquote>\n<blockquote class=\"twitter-tweet\" lang=\"ca\"><p>Cospedal <a href=\"http:\/\/t.co\/LLCCSBFSVQ\">pic.twitter.com\/LLCCSBFSVQ<\/a><\/p>\n<p>\u2014 David MR (@daffing88) <a href=\"https:\/\/twitter.com\/daffing88\/statuses\/464446986906001409\">May 8, 2014<\/a><\/p><\/blockquote>\n<blockquote class=\"twitter-tweet\" lang=\"ca\"><p><a href=\"http:\/\/t.co\/BcFHLTdwP6\">pic.twitter.com\/BcFHLTdwP6<\/a><\/p>\n<p>\u2014 Pepo Jim\u00e9nez (@kurioso) <a href=\"https:\/\/twitter.com\/kurioso\/statuses\/464423427127136256\">May 8, 2014<\/a><\/p><\/blockquote>\n","protected":false},"excerpt":{"rendered":"<p>El delicado caso de los centenares de ni\u00f1as secuestradas en Nigeria nos ha ofrecido estos d\u00edas m\u00e1s ejemplos de c\u00f3mo de f\u00e1cil es que los personajes p\u00fablicos que aprovechan campa\u00f1as en las redes sociales para ganar, es de suponer, visibilidad y prestigio les acabe saliendo&#8230;<\/p>\n","protected":false},"author":1,"featured_media":734,"comment_status":"open","ping_status":"open","sticky":false,"template":"","format":"standard","meta":{"footnotes":""},"categories":[422],"tags":[60,52,55,56,57,58,59],"home_featured":[],"class_list":["post-1342","post","type-post","status-publish","format-standard","has-post-thumbnail","hentry","category-la-noticia-y-el-comentario","tag-twitter","tag-comunicacio-politica","tag-bringourgirlsback","tag-comunicacio-2-0","tag-comunicacio-digital","tag-comunicacio-internacional","tag-cospedal"],"acf":[],"_links":{"self":[{"href":"https:\/\/www.manifestacom.com\/es\/wp-json\/wp\/v2\/posts\/1342","targetHints":{"allow":["GET"]}}],"collection":[{"href":"https:\/\/www.manifestacom.com\/es\/wp-json\/wp\/v2\/posts"}],"about":[{"href":"https:\/\/www.manifestacom.com\/es\/wp-json\/wp\/v2\/types\/post"}],"author":[{"embeddable":true,"href":"https:\/\/www.manifestacom.com\/es\/wp-json\/wp\/v2\/users\/1"}],"replies":[{"embeddable":true,"href":"https:\/\/www.manifestacom.com\/es\/wp-json\/wp\/v2\/comments?post=1342"}],"version-history":[{"count":1,"href":"https:\/\/www.manifestacom.com\/es\/wp-json\/wp\/v2\/posts\/1342\/revisions"}],"predecessor-version":[{"id":1716,"href":"https:\/\/www.manifestacom.com\/es\/wp-json\/wp\/v2\/posts\/1342\/revisions\/1716"}],"wp:featuredmedia":[{"embeddable":true,"href":"https:\/\/www.manifestacom.com\/es\/wp-json\/wp\/v2\/media\/734"}],"wp:attachment":[{"href":"https:\/\/www.manifestacom.com\/es\/wp-json\/wp\/v2\/media?parent=1342"}],"wp:term":[{"taxonomy":"category","embeddable":true,"href":"https:\/\/www.manifestacom.com\/es\/wp-json\/wp\/v2\/categories?post=1342"},{"taxonomy":"post_tag","embeddable":true,"href":"https:\/\/www.manifestacom.com\/es\/wp-json\/wp\/v2\/tags?post=1342"},{"taxonomy":"home_featured","embeddable":true,"href":"https:\/\/www.manifestacom.com\/es\/wp-json\/wp\/v2\/home_featured?post=1342"}],"curies":[{"name":"wp","href":"https:\/\/api.w.org\/{rel}","templated":true}]}}