{"id":1343,"date":"2015-01-14T22:22:57","date_gmt":"2015-01-14T22:22:57","guid":{"rendered":"http:\/\/www.manifestacom.com\/jesuisahmed-lo-mas-peligroso-es-la-islamofobia\/"},"modified":"2017-05-17T10:31:45","modified_gmt":"2017-05-17T10:31:45","slug":"jesuisahmed-lo-mas-peligroso-es-la-islamofobia","status":"publish","type":"post","link":"https:\/\/www.manifestacom.com\/es\/jesuisahmed-lo-mas-peligroso-es-la-islamofobia\/","title":{"rendered":"#JeSuisAhmed: lo m\u00e1s peligroso es la islamofobia"},"content":{"rendered":"<p><a href=\"https:\/\/twitter.com\/BBCNews\/status\/553959384142069760\"><img loading=\"lazy\" decoding=\"async\" class=\"aligncenter\" src=\"http:\/\/www.manifestacom.com\/wp-content\/uploads\/2015\/01\/ahmed-580x326.jpg\" alt=\"\" width=\"424\" height=\"238\" \/><\/a><\/p>\n<p>Como reacci\u00f3n al eco mundial del <a href=\"https:\/\/twitter.com\/search?q=%23jesuischarlie&amp;src=typd\" target=\"_blank\">#Jesuischarlie<\/a>, al que <a href=\"http:\/\/www.media.cat\/2015\/01\/08\/laltra-mirada-sobre-latac-a-charlie-hebdo\/\" target=\"_blank\">se unieron muchas personas musulmanas<\/a> o residentes en pa\u00edses de mayor\u00eda musulmana, pocos d\u00edas despu\u00e9s del brutal atentado en la revista sat\u00edrica francesa Charlie Hebdo apareci\u00f3 un grito similar: <a href=\"https:\/\/twitter.com\/search?q=%23jesuisahmed&amp;src=typd\" target=\"_blank\">#jesuisAhmed<\/a>.<\/p>\n<p>En la prensa, como en la calle y en las redes sociales, los comentarios horrorizados giraban principalmente en torno a un tema: la defensa de la libertad de expresi\u00f3n. Dada la relevancia p\u00fablica de los autores asesinados, las muestras de apoyo se concentraron especialmente en los trabajadores de la revista y en la publicaci\u00f3n misma. Sin embargo, durante el atentado murieron tambi\u00e9n dos polic\u00edas, cuyo trabajo era proteger a los dibujantes y a la publicaci\u00f3n, que hac\u00eda tiempo que recib\u00eda amenazas. Eran Ahmed Merabet (42 a\u00f1os) y Franck Brinsolaro (49).<\/p>\n<p>El surgimiento de la etiqueta #jesuisAhmed pone en evidencia una doble injusticia que se repite cada vez que hay un atentado de los fundamentalistas isl\u00e1micos en occidente: los discursos racistas y de odio contra todos los musulmanes del mundo, y la <a href=\"http:\/\/www.media.cat\/2015\/01\/08\/laltra-mirada-sobre-latac-a-charlie-hebdo\/\" target=\"_blank\">tendencia de la prensa <\/a>a difundir \u00fanicamente las reacciones y muestras de solidaridad que se producen en occidente.<\/p>\n<p>La etiqueta fue creada <a href=\"https:\/\/twitter.com\/JulesLmeghribi\/status\/552843607708037120\" target=\"_blank\">el 7 de enero<\/a> por <a href=\"https:\/\/twitter.com\/juleslmeghribi\" target=\"_blank\">Julien Casters<\/a>, un parisino que vive en Marruecos, y se hizo popular a ra\u00edz de este tuit de Dyab Abou Jahjah, un columnista que vive a caballo entre Bruselas y Beirut:<\/p>\n<blockquote class=\"twitter-tweet\" lang=\"en\"><p>I am not Charlie, I am Ahmed the dead cop. Charlie ridiculed my faith and culture and I died defending his right to do so. <a href=\"https:\/\/twitter.com\/hashtag\/JesuisAhmed?src=hash\">#JesuisAhmed<\/a><\/p>\n<p>\u2014 Dyab Abou Jahjah (@Aboujahjah) <a href=\"https:\/\/twitter.com\/Aboujahjah\/status\/553169081424420864\">January 8, 2015<\/a><\/p><\/blockquote>\n<p>Ahmed Merabet <a href=\"http:\/\/www.theguardian.com\/commentisfree\/2015\/jan\/08\/charlie-hebdo-norway-islamophobia-france-anders-breivik\" target=\"_blank\">era musulm\u00e1n<\/a> y como los humoristas que hac\u00edan el Charlie Hebdo, tambi\u00e9n dio su vida por defender la libertad de expresi\u00f3n. Todas las v\u00edctimas merecen el mismo reconocimiento, y ante el <a href=\"http:\/\/cat.elpais.com\/cat\/2015\/01\/07\/internacional\/1420669006_872432.html\" target=\"_blank\">ascenso del islamofobia<\/a>, es importante recordar que la gran mayor\u00eda de personas de fe musulmana est\u00e1 m\u00e1s cerca de Ahmed Merabet que de los extremistas que lo mataron.<\/p>\n<p>Los musulmanes no son terroristas, no tienen que pedir disculpas\u00a0 por lo que hacen los terroristas, y sobretodo, no pueden ser juzgados ni vivir estigmatizados por lo que hacen los terroristas.<\/p>\n","protected":false},"excerpt":{"rendered":"<p>Como reacci\u00f3n al eco mundial del #Jesuischarlie, al que se unieron muchas personas musulmanas o residentes en pa\u00edses de mayor\u00eda musulmana, pocos d\u00edas despu\u00e9s del brutal atentado en la revista sat\u00edrica francesa Charlie Hebdo apareci\u00f3 un grito similar: #jesuisAhmed. En la prensa, como en la&#8230;<\/p>\n","protected":false},"author":1,"featured_media":736,"comment_status":"open","ping_status":"open","sticky":false,"template":"","format":"standard","meta":{"footnotes":""},"categories":[421],"tags":[61,62,63,64,65],"home_featured":[],"class_list":["post-1343","post","type-post","status-publish","format-standard","has-post-thumbnail","hentry","category-el-post-es","tag-jesuisahmed","tag-jesuischarlie","tag-charlie-hebdo","tag-islamofobia","tag-terrorisme"],"acf":[],"_links":{"self":[{"href":"https:\/\/www.manifestacom.com\/es\/wp-json\/wp\/v2\/posts\/1343","targetHints":{"allow":["GET"]}}],"collection":[{"href":"https:\/\/www.manifestacom.com\/es\/wp-json\/wp\/v2\/posts"}],"about":[{"href":"https:\/\/www.manifestacom.com\/es\/wp-json\/wp\/v2\/types\/post"}],"author":[{"embeddable":true,"href":"https:\/\/www.manifestacom.com\/es\/wp-json\/wp\/v2\/users\/1"}],"replies":[{"embeddable":true,"href":"https:\/\/www.manifestacom.com\/es\/wp-json\/wp\/v2\/comments?post=1343"}],"version-history":[{"count":1,"href":"https:\/\/www.manifestacom.com\/es\/wp-json\/wp\/v2\/posts\/1343\/revisions"}],"predecessor-version":[{"id":1963,"href":"https:\/\/www.manifestacom.com\/es\/wp-json\/wp\/v2\/posts\/1343\/revisions\/1963"}],"wp:featuredmedia":[{"embeddable":true,"href":"https:\/\/www.manifestacom.com\/es\/wp-json\/wp\/v2\/media\/736"}],"wp:attachment":[{"href":"https:\/\/www.manifestacom.com\/es\/wp-json\/wp\/v2\/media?parent=1343"}],"wp:term":[{"taxonomy":"category","embeddable":true,"href":"https:\/\/www.manifestacom.com\/es\/wp-json\/wp\/v2\/categories?post=1343"},{"taxonomy":"post_tag","embeddable":true,"href":"https:\/\/www.manifestacom.com\/es\/wp-json\/wp\/v2\/tags?post=1343"},{"taxonomy":"home_featured","embeddable":true,"href":"https:\/\/www.manifestacom.com\/es\/wp-json\/wp\/v2\/home_featured?post=1343"}],"curies":[{"name":"wp","href":"https:\/\/api.w.org\/{rel}","templated":true}]}}