{"id":1344,"date":"2016-12-28T16:14:50","date_gmt":"2016-12-28T16:14:50","guid":{"rendered":"http:\/\/www.manifestacom.com\/selfies-viajeros-y-otros-retos-de-la-comunicacion-turistica\/"},"modified":"2017-05-08T11:28:56","modified_gmt":"2017-05-08T11:28:56","slug":"selfies-viajeros-y-otros-retos-de-la-comunicacion-turistica","status":"publish","type":"post","link":"https:\/\/www.manifestacom.com\/es\/selfies-viajeros-y-otros-retos-de-la-comunicacion-turistica\/","title":{"rendered":"\u2018Selfies viajeros\u2019 y otros retos de la comunicaci\u00f3n tur\u00edstica"},"content":{"rendered":"<p><a href=\"http:\/\/www.manifestacom.com\/wp-content\/uploads\/2017\/01\/selfie.jpg\"><img loading=\"lazy\" decoding=\"async\" class=\"alignleft\" title=\"selfie\" src=\"http:\/\/www.manifestacom.com\/wp-content\/uploads\/2017\/01\/selfie-580x387.jpg\" alt=\"\" width=\"580\" height=\"387\" \/><\/a>En 2013, el diccionario Oxford incluy\u00f3 la palabra \u201c<a href=\"http:\/\/blog.oxforddictionaries.com\/press-releases\/oxford-dictionaries-word-of-the-year-2013\/\" target=\"_blank\">selfie<\/a>\u201d y la nombr\u00f3 palabra internacional del a\u00f1o. Hoy, poco m\u00e1s de tres a\u00f1os m\u00e1s tarde, los <em>selfies<\/em> no s\u00f3lo forman parte de la rutina diaria de mucha gente, sino que estamos empezando a ver su impacto en diferentes sectores.<\/p>\n<p>Uno de los ejemplos m\u00e1s claros es el turismo, donde los miles de <em>selfies<\/em> que los viajeros publican en las redes sociales se ha convertido en un elemento de promoci\u00f3n involuntaria de espacios tur\u00edsticos que cada vez influye m\u00e1s en las decisiones de otros trotamundos a el hora de elegir destino para las vacaciones. Estas son algunas de las conclusiones del peculiar trabajo acad\u00e9mico de <a href=\"http:\/\/www.lavanguardia.com\/local\/tarragona\/20161126\/412164204628\/estudio-selfies-atraer-turistas.html\" target=\"_blank\">Veronika P\u00e9rez Jensen Stankov<\/a>, estudiante del m\u00e1ster en T\u00e9cnicas de An\u00e1lisis e Innovaci\u00f3n Tur\u00edstica de la Universidad Rovira y Virgili.<\/p>\n<p>Seg\u00fan apunta el estudio, galardonado con una distinci\u00f3n extraordinaria en el VI F\u00f3rum Rendintur de la Universidad de La Laguna, las autofotos que los turistas difunden suelen estar tomadas en los mismos lugares destacados por las campa\u00f1as de marketing oficiales de agencias o instituciones y \u201cayudan a crear la imagen de los destinos\u201d con una dosis a\u00f1adida de credibilidad, reforzando el impacto de los esfuerzos de promoci\u00f3n tur\u00edstica.<\/p>\n<p>La industria tur\u00edstica, cada vez m\u00e1s pendiente de los comentarios y contenidos que los viajeros comparten en las redes sociales, hace tiempo que debate como avanzar hacia una Econom\u00eda del Turismo que sepa aprovechar al m\u00e1ximo la web 4.0. Para que eso sea posible, las empresas del sector necesitan encontrar espacios de comunicaci\u00f3n que abran posibilidades de relaci\u00f3n y colaboraci\u00f3n con los clientes reales y potenciales m\u00e1s all\u00e1 de los procesos tradicionales.<\/p>\n<p>En estos tiempos de econom\u00eda digital, donde la informaci\u00f3n y los contenidos encontrados en l\u00ednea tienen un papel fundamental en la toma de decisiones del viajero, una buena presencia online y en las redes sociales m\u00e1s populares, as\u00ed como estrategias de reputaci\u00f3n de marca, son imprescindibles . Pero hay oportunidades s\u00f3lo al alcance de los que van m\u00e1s all\u00e1. La interacci\u00f3n constante y estimuladora con el p\u00fablico abre todo un abanico de posibilidades, desde la obtenci\u00f3n de <em>feedback<\/em> de calidad sobre productos y servicios a campa\u00f1as basadas en acuerdos espec\u00edficos de colaboraci\u00f3n con los llamados <em>influencers<\/em>.<\/p>\n<p>En este sentido, las <a href=\"http:\/\/www.manifestacom.com\/2014\/05\/26\/marqueting-de-continguts-periodisme-de-marca-branded-content-que-es-que\/\" target=\"_blank\">estrategias de contenido<\/a> siguen ganando importancia, cada vez m\u00e1s centradas en la producci\u00f3n y difusi\u00f3n de contenido original y de calidad, producido en diferentes formatos para satisfacer a todo tipo de p\u00fablico. Aparte de los b\u00e1sicos como los blogs tem\u00e1ticos o corporativos, crece como la espuma el uso de plataformas basadas en fotograf\u00eda y v\u00eddeo, como <a href=\"https:\/\/www.instagram.com\/?hl=en\" target=\"_blank\">Instagram<\/a>, <a href=\"https:\/\/vine.co\/\" target=\"_blank\">Vine <\/a>o <a href=\"https:\/\/www.periscope.tv\/\" target=\"_blank\">Periscope<\/a><strong>,<\/strong> que ya funciona como un canal de televisi\u00f3n. Reforzar la presencia directa o indirecta (mediante prescriptores) ser\u00e1 una de las tendencias de comunicaci\u00f3n de destinos y marcas de 2017.<\/p>\n<p>Con el avance de las tecnolog\u00edas de la comunicaci\u00f3n y la informaci\u00f3n, las v\u00edas de interacci\u00f3n entre las empresas tur\u00edsticas y sus p\u00fablicos han cambiado radicalmente. Ahora m\u00e1s que nunca, saber adaptarse y aprovechar el abanico de nuevas posibilidades de negocio es fundamental para sobrevivir y pasar a formar parte del sector tur\u00edstico del futuro. Del futuro que ya est\u00e1 aqu\u00ed.<\/p>\n","protected":false},"excerpt":{"rendered":"<p>En 2013, el diccionario Oxford incluy\u00f3 la palabra \u201cselfie\u201d y la nombr\u00f3 palabra internacional del a\u00f1o. Hoy, poco m\u00e1s de tres a\u00f1os m\u00e1s tarde, los selfies no s\u00f3lo forman parte de la rutina diaria de mucha gente, sino que estamos empezando a ver su impacto&#8230;<\/p>\n","protected":false},"author":1,"featured_media":739,"comment_status":"open","ping_status":"open","sticky":false,"template":"","format":"standard","meta":{"footnotes":""},"categories":[421],"tags":[67,68,49,57,66],"home_featured":[],"class_list":["post-1344","post","type-post","status-publish","format-standard","has-post-thumbnail","hentry","category-el-post-es","tag-promocio-turistica","tag-turisme","tag-xarxes-socials","tag-comunicacio-digital","tag-comunicacio"],"acf":[],"_links":{"self":[{"href":"https:\/\/www.manifestacom.com\/es\/wp-json\/wp\/v2\/posts\/1344","targetHints":{"allow":["GET"]}}],"collection":[{"href":"https:\/\/www.manifestacom.com\/es\/wp-json\/wp\/v2\/posts"}],"about":[{"href":"https:\/\/www.manifestacom.com\/es\/wp-json\/wp\/v2\/types\/post"}],"author":[{"embeddable":true,"href":"https:\/\/www.manifestacom.com\/es\/wp-json\/wp\/v2\/users\/1"}],"replies":[{"embeddable":true,"href":"https:\/\/www.manifestacom.com\/es\/wp-json\/wp\/v2\/comments?post=1344"}],"version-history":[{"count":1,"href":"https:\/\/www.manifestacom.com\/es\/wp-json\/wp\/v2\/posts\/1344\/revisions"}],"predecessor-version":[{"id":1676,"href":"https:\/\/www.manifestacom.com\/es\/wp-json\/wp\/v2\/posts\/1344\/revisions\/1676"}],"wp:featuredmedia":[{"embeddable":true,"href":"https:\/\/www.manifestacom.com\/es\/wp-json\/wp\/v2\/media\/739"}],"wp:attachment":[{"href":"https:\/\/www.manifestacom.com\/es\/wp-json\/wp\/v2\/media?parent=1344"}],"wp:term":[{"taxonomy":"category","embeddable":true,"href":"https:\/\/www.manifestacom.com\/es\/wp-json\/wp\/v2\/categories?post=1344"},{"taxonomy":"post_tag","embeddable":true,"href":"https:\/\/www.manifestacom.com\/es\/wp-json\/wp\/v2\/tags?post=1344"},{"taxonomy":"home_featured","embeddable":true,"href":"https:\/\/www.manifestacom.com\/es\/wp-json\/wp\/v2\/home_featured?post=1344"}],"curies":[{"name":"wp","href":"https:\/\/api.w.org\/{rel}","templated":true}]}}