{"id":1346,"date":"2015-07-31T20:14:03","date_gmt":"2015-07-31T20:14:03","guid":{"rendered":"http:\/\/www.manifestacom.com\/en-verano-el-calor-es-noticia\/"},"modified":"2017-05-05T10:38:31","modified_gmt":"2017-05-05T10:38:31","slug":"en-verano-el-calor-es-noticia","status":"publish","type":"post","link":"https:\/\/www.manifestacom.com\/es\/en-verano-el-calor-es-noticia\/","title":{"rendered":"En verano, el calor es noticia"},"content":{"rendered":"<p>Son conocidas como las serpientes de verano, aquellas \u201cnoticias\u201d anodinas, repetitivas y a menudo rid\u00edculas que llenan los peri\u00f3dicos durante los meses de vacaciones, cuando tanto el mundo de la pol\u00edtica como otros sectores funcionan a medio gas.<\/p>\n<p>M\u00e8dia.cat calcul\u00f3 <a href=\"http:\/\/www.media.cat\/anuari\/les-serps-destiu\/\" target=\"_blank\">cu\u00e1ntos \u00e1rboles han hecho falta<\/a> para fabricar el papel que ocupan estas noticias y ha elaborado un <a href=\"http:\/\/www.media.cat\/2015\/07\/31\/vuit-serps-destiu-per-omplir-mitjans-com-sigui\/\" target=\"_blank\">listado <\/a>de los temas m\u00e1s recurrentes o curiosos de este verano.<\/p>\n<div id=\"attachment_2929\" class=\"wp-caption aligncenter\" style=\"width: 590px;\"><a href=\"http:\/\/www.manifestacom.com\/wp-content\/uploads\/2015\/08\/infografia_les_serps_destiu_anuari2015-1024x738.jpg\"><img loading=\"lazy\" decoding=\"async\" class=\"size-medium wp-image-2929\" title=\"infografia_les_serps_destiu_anuari2015-1024x738\" src=\"http:\/\/www.manifestacom.com\/wp-content\/uploads\/2015\/08\/infografia_les_serps_destiu_anuari2015-1024x738-580x418.jpg\" alt=\"\" width=\"580\" height=\"418\" \/><\/a><\/p>\n<p class=\"wp-caption-text\">Infografia elaborada per M\u00e8dia.cat<\/p>\n<\/div>\n","protected":false},"excerpt":{"rendered":"<p>Son conocidas como las serpientes de verano, aquellas \u201cnoticias\u201d anodinas, repetitivas y a menudo rid\u00edculas que llenan los peri\u00f3dicos durante los meses de vacaciones, cuando tanto el mundo de la pol\u00edtica como otros sectores funcionan a medio gas. M\u00e8dia.cat calcul\u00f3 cu\u00e1ntos \u00e1rboles han hecho falta&#8230;<\/p>\n","protected":false},"author":1,"featured_media":745,"comment_status":"open","ping_status":"open","sticky":false,"template":"","format":"standard","meta":{"footnotes":""},"categories":[422],"tags":[72,73,74,75],"home_featured":[],"class_list":["post-1346","post","type-post","status-publish","format-standard","has-post-thumbnail","hentry","category-la-noticia-y-el-comentario","tag-estiu","tag-infografia","tag-mitjans","tag-periodisme"],"acf":[],"_links":{"self":[{"href":"https:\/\/www.manifestacom.com\/es\/wp-json\/wp\/v2\/posts\/1346","targetHints":{"allow":["GET"]}}],"collection":[{"href":"https:\/\/www.manifestacom.com\/es\/wp-json\/wp\/v2\/posts"}],"about":[{"href":"https:\/\/www.manifestacom.com\/es\/wp-json\/wp\/v2\/types\/post"}],"author":[{"embeddable":true,"href":"https:\/\/www.manifestacom.com\/es\/wp-json\/wp\/v2\/users\/1"}],"replies":[{"embeddable":true,"href":"https:\/\/www.manifestacom.com\/es\/wp-json\/wp\/v2\/comments?post=1346"}],"version-history":[{"count":1,"href":"https:\/\/www.manifestacom.com\/es\/wp-json\/wp\/v2\/posts\/1346\/revisions"}],"predecessor-version":[{"id":1605,"href":"https:\/\/www.manifestacom.com\/es\/wp-json\/wp\/v2\/posts\/1346\/revisions\/1605"}],"wp:featuredmedia":[{"embeddable":true,"href":"https:\/\/www.manifestacom.com\/es\/wp-json\/wp\/v2\/media\/745"}],"wp:attachment":[{"href":"https:\/\/www.manifestacom.com\/es\/wp-json\/wp\/v2\/media?parent=1346"}],"wp:term":[{"taxonomy":"category","embeddable":true,"href":"https:\/\/www.manifestacom.com\/es\/wp-json\/wp\/v2\/categories?post=1346"},{"taxonomy":"post_tag","embeddable":true,"href":"https:\/\/www.manifestacom.com\/es\/wp-json\/wp\/v2\/tags?post=1346"},{"taxonomy":"home_featured","embeddable":true,"href":"https:\/\/www.manifestacom.com\/es\/wp-json\/wp\/v2\/home_featured?post=1346"}],"curies":[{"name":"wp","href":"https:\/\/api.w.org\/{rel}","templated":true}]}}