{"id":1347,"date":"2015-03-15T20:38:44","date_gmt":"2015-03-15T20:38:44","guid":{"rendered":"http:\/\/www.manifestacom.com\/en-una-democracia-del-sigle-xxi-no-caben-los-bloques-electorales\/"},"modified":"2017-05-11T16:07:29","modified_gmt":"2017-05-11T16:07:29","slug":"en-una-democracia-del-sigle-xxi-no-caben-los-bloques-electorales","status":"publish","type":"post","link":"https:\/\/www.manifestacom.com\/es\/en-una-democracia-del-sigle-xxi-no-caben-los-bloques-electorales\/","title":{"rendered":"En una democracia del sigle XXI no caben los bloques electorales"},"content":{"rendered":"<p style=\"text-align: left;\"><a href=\"http:\/\/www.manifestacom.com\/2015\/03\/12\/a-una-democracia-del-segle-xxi-no-hi-caben-els-blocs-electorals\/blocselectorals\/\" rel=\"attachment wp-att-2799\"><img loading=\"lazy\" decoding=\"async\" class=\"aligncenter\" src=\"http:\/\/www.manifestacom.com\/wp-content\/uploads\/2015\/03\/blocselectorals.png\" alt=\"\" width=\"445\" height=\"228\" \/><\/a>No son elecciones todav\u00eda, pero el Sindicato de Periodistas de Catalu\u00f1a (SPC) ha vuelto a alzar la voz contra los bloques electorales, los espacios informativos que en campa\u00f1a electoral los medios p\u00fablicos est\u00e1n obligados a distribuir entre los partidos pol\u00edticos seg\u00fan los resultados de los comicios anteriores . Los bloques se presentan a los ciudadanos como noticias, pero no se elaboran siguiendo criterios period\u00edsticos, ya que es la Junta Electoral quien establece qu\u00e9 partidos pueden aparecer, en qu\u00e9 orden y durante varios minutos.<\/p>\n<p>El pasado 6 de marzo, los miembros de la ponencia que prepara la nueva ley electoral catalana (LEC) acordaron <a href=\"http:\/\/www.elperiodico.com\/es\/noticias\/politica\/ley-electoral-bloques-informativos-3995840\" target=\"_blank\">\u201cflexibilizar\u201d los bloques electorales<\/a>. El SPC\u00a0 reaccion\u00f3 indignado con un <a href=\"http:\/\/www.sindicatperiodistes.cat\/content\/blocs-electorals-no-han-ent\u00e8s-res\" target=\"_blank\">comunicado <\/a>extremadamente cr\u00edtico con la clase pol\u00edtica, en el que pide \u201cque desaparezca del proyecto de la LEC cualquier referencia a la regulaci\u00f3n administrativa del derecho constitucional a la informaci\u00f3n. Tal cual. Porque esper\u00e1bamos de este Parlamento una comprensi\u00f3n m\u00e1s cabal de esto y no un seguidismo partitocr\u00e1tico de una tradici\u00f3n hisp\u00e1nica absolutamente exc\u00e9ntrica en la Europa democr\u00e1tica\u201d.<\/p>\n<p>Por su parte, en un <a href=\"http:\/\/www.periodistes.org\/ca\/noticia\/el-col-legi-de-periodistes-denuncia-l-intent-dels-partits-politics-de-perpetuar-els-blocs-electorals-1382.html\" target=\"_blank\">art\u00edculo <\/a>publicado en su web, el Colegio de Periodistas de Catalu\u00f1a describe el acuerdo como \u201cextremadamente preocupante\u201d y lo interpreta como un intento de \u201coficializar la censura previa\u201d maquillando y perpetuando esta \u201canomal\u00eda democr\u00e1tica \u201c. Adem\u00e1s, recuerda que \u201cya existen suficientes organismos de control de los medios p\u00fablicos y que los bloques electorales son del todo innecesarios, absurdos e incomprensibles en un contexto europeo\u201d.<\/p>\n<p>Y es que el mecanismo de los bloques electorales minutados que se practica en Espa\u00f1a es una <a href=\"http:\/\/www.eldebat.cat\/cast\/viewer.php?IDN=11373\" target=\"_blank\">excepci\u00f3n en Europa<\/a>. Aunque las medidas para garantizar la pluralidad, la igualdad y la representatividad durante los periodos electorales son comunes en toda Europa, estas utilizan sistemas que dan autonom\u00eda a los periodistas y realizan el control a posteriori.<\/p>\n<p>Los periodistas, que hace treinta a\u00f1os que protestan contra esta intromisi\u00f3n de la Junta Electoral en su trabajo y en el derecho de los ciudadanos a la informaci\u00f3n, piden a los diputados del Parlamento que saquen toda referencia a los bloques electorales de la nueva ley para \u201chacer avanzar el pa\u00eds hacia una democracia del siglo XXI\u201d.<\/p>\n<p>El acuerdo para flexibilizar los bloques, a\u00fan no redactado, sugiere combinar los criterios de \u00abproporcionalidad y representaci\u00f3n\u00bb que se aplican actualmente en el tratamiento de las noticias de campa\u00f1a (es decir, establecer previamente el orden de aparici\u00f3n y el tiempo dedicado a cada candidato) con los de \u00abprofesionalidad period\u00edstica e inter\u00e9s informativo\u201d, as\u00ed como encargar el control de la informaci\u00f3n en campa\u00f1a no s\u00f3lo a la sindicatura electoral catalana sino tambi\u00e9n al Consejo del Audiovisual de Catalu\u00f1a (CAC) y al Consejo de la Informaci\u00f3n de Catalu\u00f1a, que depende del Colegio de Periodistas.<\/p>\n<p>El profundo desacuerdo entre partidos hace pensar que la aprobaci\u00f3n de la nueva ley a\u00fan tardar\u00e1, si es que llega. En todo caso, mientras dure el proceso los periodistas continuar\u00e1n su larga reivindicaci\u00f3n de abolir los bloques electorales. En Twitter se est\u00e1n utilizando las etiquetas #NOalsblocs #Informaci\u00f3S\u00cd #PropagandaNO, y el SPC ha recordado que existe un blog expresamente para la campa\u00f1a: <a href=\"https:\/\/noalsblocs.wordpress.com\/\" target=\"_blank\">Blocs electorales, anomalia europea<\/a>.<\/p>\n<p>De momento, tenemos el antecedente de la decisi\u00f3n de la Junta Electoral Central (JEC), que hace un par de semanas\u00a0<a href=\"http:\/\/www.parlamentodeandalucia.es\/webdinamica\/portal-web-parlamento\/pdf.do?tipodoc=documentojea&amp;id=400\" target=\"_blank\">concluy\u00f3 <\/a>que UPyD y Podemos ten\u00edan derecho a disfrutar de cobertura electoral en los medios p\u00fablicos andaluces porque, aunque se presentan por primera vez en las elecciones y por lo tanto no est\u00e1n en el Parlamento, \u201chan acreditado la representatividad\u201d. Hay que recordar, sin embargo, que esta es una decisi\u00f3n reactiva de la JEC, fruto de los recursos interpuestos por Podemos y UPyD, que se interpreta como una excepci\u00f3n. El hecho de que los directivos de la televisi\u00f3n y la radio p\u00fablicas andaluzas se negaran a cumplir la indicaci\u00f3n de la Junta es una vuelta surrealista m\u00e1s en este episodio tan rid\u00edculo como necesario para la evoluci\u00f3n democr\u00e1tica.<\/p>\n<p>Mientras contin\u00faa el tira y afloja, hay quien va haciendo v\u00eda. En Molins de Rei, los partidos pol\u00edticos ya han acordado tener todos el mismo espacio tanto en la propaganda electoral gratuita que emite Radio Molins de Rei como en la v\u00eda p\u00fablica, como ha explicado la asociaci\u00f3n <a href=\"http:\/\/www.comunicaciopublica.cat\/web\/2015\/03\/molins-de-rei-pioner-en-desafiar-els-blocs-electorals-a-les-emissores-municipals\/\" target=\"_blank\">Comunicaci\u00f3n P\u00fablica<\/a> en un art\u00edculo en su web. Un desaf\u00edo in\u00e9dito en el pa\u00eds que quiz\u00e1 sea imitado por otros municipios.<\/p>\n<p>Hace unos d\u00edas, el periodista David Bassa se mostraba tan optimista respecto a la desaparici\u00f3n inminente de los bloques electorales que titul\u00f3 su art\u00edculo en M\u00e8dia.cat \u201c<a href=\"http:\/\/www.media.cat\/2015\/03\/18\/requiem-pels-blocs-electorals\/\" target=\"_blank\">R\u00e9quiem por los bloques electorales?<\/a>\u201c. Esperemos que no est\u00e9 equivocado.<\/p>\n","protected":false},"excerpt":{"rendered":"<p>No son elecciones todav\u00eda, pero el Sindicato de Periodistas de Catalu\u00f1a (SPC) ha vuelto a alzar la voz contra los bloques electorales, los espacios informativos que en campa\u00f1a electoral los medios p\u00fablicos est\u00e1n obligados a distribuir entre los partidos pol\u00edticos seg\u00fan los resultados de los&#8230;<\/p>\n","protected":false},"author":1,"featured_media":748,"comment_status":"open","ping_status":"open","sticky":false,"template":"","format":"standard","meta":{"footnotes":""},"categories":[421],"tags":[76,77,52,78,79,80,81,75],"home_featured":[],"class_list":["post-1347","post","type-post","status-publish","format-standard","has-post-thumbnail","hentry","category-el-post-es","tag-blocs-electorals","tag-campanya-electoral","tag-comunicacio-politica","tag-eleccions","tag-llei-electoral","tag-mitjans-publics","tag-propaganda","tag-periodisme"],"acf":[],"_links":{"self":[{"href":"https:\/\/www.manifestacom.com\/es\/wp-json\/wp\/v2\/posts\/1347","targetHints":{"allow":["GET"]}}],"collection":[{"href":"https:\/\/www.manifestacom.com\/es\/wp-json\/wp\/v2\/posts"}],"about":[{"href":"https:\/\/www.manifestacom.com\/es\/wp-json\/wp\/v2\/types\/post"}],"author":[{"embeddable":true,"href":"https:\/\/www.manifestacom.com\/es\/wp-json\/wp\/v2\/users\/1"}],"replies":[{"embeddable":true,"href":"https:\/\/www.manifestacom.com\/es\/wp-json\/wp\/v2\/comments?post=1347"}],"version-history":[{"count":1,"href":"https:\/\/www.manifestacom.com\/es\/wp-json\/wp\/v2\/posts\/1347\/revisions"}],"predecessor-version":[{"id":1920,"href":"https:\/\/www.manifestacom.com\/es\/wp-json\/wp\/v2\/posts\/1347\/revisions\/1920"}],"wp:featuredmedia":[{"embeddable":true,"href":"https:\/\/www.manifestacom.com\/es\/wp-json\/wp\/v2\/media\/748"}],"wp:attachment":[{"href":"https:\/\/www.manifestacom.com\/es\/wp-json\/wp\/v2\/media?parent=1347"}],"wp:term":[{"taxonomy":"category","embeddable":true,"href":"https:\/\/www.manifestacom.com\/es\/wp-json\/wp\/v2\/categories?post=1347"},{"taxonomy":"post_tag","embeddable":true,"href":"https:\/\/www.manifestacom.com\/es\/wp-json\/wp\/v2\/tags?post=1347"},{"taxonomy":"home_featured","embeddable":true,"href":"https:\/\/www.manifestacom.com\/es\/wp-json\/wp\/v2\/home_featured?post=1347"}],"curies":[{"name":"wp","href":"https:\/\/api.w.org\/{rel}","templated":true}]}}