{"id":1349,"date":"2014-11-27T21:39:07","date_gmt":"2014-11-27T21:39:07","guid":{"rendered":"http:\/\/www.manifestacom.com\/abacus-cooperativa-abre-su-primer-establecimiento-en-las-islas-baleares\/"},"modified":"2017-05-06T10:20:02","modified_gmt":"2017-05-06T10:20:02","slug":"abacus-cooperativa-abre-su-primer-establecimiento-en-las-islas-baleares","status":"publish","type":"post","link":"https:\/\/www.manifestacom.com\/es\/abacus-cooperativa-abre-su-primer-establecimiento-en-las-islas-baleares\/","title":{"rendered":"Abacus cooperativa abre su primer establecimiento en las Islas Baleares"},"content":{"rendered":"<div id=\"attachment_2625\" class=\"wp-caption aligncenter\" style=\"width: 590px;\"><a href=\"http:\/\/www.manifestacom.com\/wp-content\/uploads\/2014\/11\/Abacus_Palma_.jpg\"><img loading=\"lazy\" decoding=\"async\" class=\"size-medium wp-image-2625\" title=\"Abacus cooperativa abre su primer establecimiento en las Islas Baleares\" src=\"http:\/\/www.manifestacom.com\/wp-content\/uploads\/2014\/11\/Abacus_Palma_-580x386.jpg\" alt=\"\" width=\"580\" height=\"386\" \/><\/a><\/p>\n<p class=\"wp-caption-text\">Abacus, nuevo establecimiento de Vilafranca del Pened\u00e8s.<\/p>\n<\/div>\n<p><a title=\"Abacus cooperativa abre su primer establecimiento en las Islas Baleares\" href=\"http:\/\/abacus.coop\/es\/\" target=\"_blank\">Abacus cooperativa<\/a>\u00a0ha abierto las puertas del que ser\u00e1 su primer establecimiento en las Islas Baleares, concretamente en la ciudad de Palma de Mallorca. Esta apertura, que ha supuesto una inversi\u00f3n de 300.000 euros y la creaci\u00f3n de 19 puestos de trabajo, se suma a la de Vilafranca del Pened\u00e8s, donde la cooperativa abri\u00f3 tambi\u00e9n una nueva tienda el pasado 14 de noviembre.<\/p>\n<p>Con el Abacus de Palma y el de Vilafranca, este segundo ha supuesto una inversi\u00f3n de 320.000 euros y la creaci\u00f3n de 12 nuevos puestos de trabajo, la red Abacus cooperativa en el conjunto de Catalunya, Valencia, Castell\u00f3n y, ahora, Baleares suma 39 establecimientos.<\/p>\n<p>Miquel \u00c0ngel Oliva, director general de Abacus cooperativa, se ha mostrado muy satisfecho con este primer establecimiento de Abacus en las Islas. \u201cEstamos muy ilusionados ante la posibilidad de llevar a la ciudad de Palma nuestro modelo de proximidad, basado en la selecci\u00f3n de Abacus y en la excelente relaci\u00f3n calidad-precio. Queremos ser un referente para escuelas, maestros y el conjunto de la comunidad educativa en la isla, proporcionando todo tipo de recursos, productos y servicios que respondan a las necesidades del d\u00eda a d\u00eda de estos profesionales, ha manifestado Oliva.<\/p>\n<p>A lo largo de este 2014, la cooperativa ha abierto las puertas de un nuevo establecimiento en Valencia, donde ya cuenta con tres tiendas, y de un espacio Abacus en Andorra la Vella. Recientemente, Abacus ha firmado un acuerdo estrat\u00e9gico con la plataforma de e-commerce y servicios de Internet Rakuten Espa\u00f1a para comercializar, a trav\u00e9s de la plataforma de comercio electr\u00f3nico <a title=\"Rakuten.es\" href=\"http:\/\/www.rakuten.es\/\" target=\"_blank\"><span style=\"text-decoration: underline;\">Rakuten.es<\/span><\/a>, productos de Abacus en toda Espa\u00f1a. Esta colaboraci\u00f3n permitir\u00e1 a Abacus optimizar su estrategia de penetraci\u00f3n en el mercado espa\u00f1ol.<\/p>\n","protected":false},"excerpt":{"rendered":"<p>Abacus, nuevo establecimiento de Vilafranca del Pened\u00e8s. Abacus cooperativa\u00a0ha abierto las puertas del que ser\u00e1 su primer establecimiento en las Islas Baleares, concretamente en la ciudad de Palma de Mallorca. Esta apertura, que ha supuesto una inversi\u00f3n de 300.000 euros y la creaci\u00f3n de 19&#8230;<\/p>\n","protected":false},"author":1,"featured_media":752,"comment_status":"open","ping_status":"open","sticky":false,"template":"","format":"standard","meta":{"footnotes":""},"categories":[423],"tags":[85,86,87,83],"home_featured":[],"class_list":["post-1349","post","type-post","status-publish","format-standard","has-post-thumbnail","hentry","category-nuestros-clientes","tag-baleares","tag-balears","tag-palma-de-mallorca","tag-abacus"],"acf":[],"_links":{"self":[{"href":"https:\/\/www.manifestacom.com\/es\/wp-json\/wp\/v2\/posts\/1349","targetHints":{"allow":["GET"]}}],"collection":[{"href":"https:\/\/www.manifestacom.com\/es\/wp-json\/wp\/v2\/posts"}],"about":[{"href":"https:\/\/www.manifestacom.com\/es\/wp-json\/wp\/v2\/types\/post"}],"author":[{"embeddable":true,"href":"https:\/\/www.manifestacom.com\/es\/wp-json\/wp\/v2\/users\/1"}],"replies":[{"embeddable":true,"href":"https:\/\/www.manifestacom.com\/es\/wp-json\/wp\/v2\/comments?post=1349"}],"version-history":[{"count":1,"href":"https:\/\/www.manifestacom.com\/es\/wp-json\/wp\/v2\/posts\/1349\/revisions"}],"predecessor-version":[{"id":1614,"href":"https:\/\/www.manifestacom.com\/es\/wp-json\/wp\/v2\/posts\/1349\/revisions\/1614"}],"wp:featuredmedia":[{"embeddable":true,"href":"https:\/\/www.manifestacom.com\/es\/wp-json\/wp\/v2\/media\/752"}],"wp:attachment":[{"href":"https:\/\/www.manifestacom.com\/es\/wp-json\/wp\/v2\/media?parent=1349"}],"wp:term":[{"taxonomy":"category","embeddable":true,"href":"https:\/\/www.manifestacom.com\/es\/wp-json\/wp\/v2\/categories?post=1349"},{"taxonomy":"post_tag","embeddable":true,"href":"https:\/\/www.manifestacom.com\/es\/wp-json\/wp\/v2\/tags?post=1349"},{"taxonomy":"home_featured","embeddable":true,"href":"https:\/\/www.manifestacom.com\/es\/wp-json\/wp\/v2\/home_featured?post=1349"}],"curies":[{"name":"wp","href":"https:\/\/api.w.org\/{rel}","templated":true}]}}