{"id":1350,"date":"2012-04-19T19:28:12","date_gmt":"2012-04-19T19:28:12","guid":{"rendered":"http:\/\/www.manifestacom.com\/abacus-cooperativa-lleva-su-libreria-a-ikea\/"},"modified":"2017-05-05T09:00:52","modified_gmt":"2017-05-05T09:00:52","slug":"abacus-cooperativa-lleva-su-libreria-a-ikea","status":"publish","type":"post","link":"https:\/\/www.manifestacom.com\/es\/abacus-cooperativa-lleva-su-libreria-a-ikea\/","title":{"rendered":"Abacus cooperativa lleva su librer\u00eda a IKEA"},"content":{"rendered":"<p>Abacus cooperativa y la cadena de decoraci\u00f3n y muebles IKEA han cerrado un acuerdo mediante el cual potenciar\u00e1n la presencia rec\u00edproca de los respectivos productos en sus tiendas. Desde el 16 de abril y hasta el pr\u00f3ximo lunes 23, coincidiendo con el d\u00eda de Sant Jordi, <a href=\"http:\/\/www.vilaweb.cat\/ep\/economia\/4003847\/20120418\/abacus-ven-llibres-ikea-motiu-diada-sant-jordi.html\" target=\"_blank\">Abacus cooperativa ha establecido un punto de venta en IKEA<\/a> Gran V\u00eda \u2013situado en la calle Ciencias n\u00ba 100 de L\u2019Hospitalet de Llobregat\u2013, donde los clientes dispondr\u00e1n de una selecci\u00f3n de los t\u00edtulos m\u00e1s comerciales de ficci\u00f3n y no ficci\u00f3n y de literatura infantil de la oferta diferenciada de Abacus.<\/p>\n<p>La iniciativa pretende acercar tambi\u00e9n los productos de IKEA a los clientes de las tiendas de <a href=\"http:\/\/www.abacus.coop\/\" target=\"_blank\">Abacus cooperativa<\/a>. Es por ello que en los establecimientos de la calle Balmes de Barcelona y L\u2019Hospitalet de Llobregat se han habilitado espacios de lectura decorados de la mano de IKEA y de sus muebles y objetos de decoraci\u00f3n. Adem\u00e1s, los socios de IKEA Family disfrutar\u00e1n de un descuento en la compra de productos en el espacio Abacus instalado en IKEA Gran V\u00eda.<\/p>\n<p>El acuerdo se trata de una primera prueba piloto que tiene por objetivo, en palabras del director general de Abacus cooperativa, Miquel \u00c0ngel Oliva, \u201caprovechar las sinergias de dos empresas l\u00edderes en sus \u00e1mbitos, con un alto tr\u00e1fico de personas, en nuestro caso especialmente elevado en los d\u00edas cercanos a la d\u00edada de Sant Jordi\u201d. Oliva apuesta \u201cpor seguir muy de cerca esta interesante experiencia y analizar la posibilidad de avanzar con propuestas similares\u201d.<\/p>\n","protected":false},"excerpt":{"rendered":"<p>Abacus cooperativa y la cadena de decoraci\u00f3n y muebles IKEA han cerrado un acuerdo mediante el cual potenciar\u00e1n la presencia rec\u00edproca de los respectivos productos en sus tiendas. Desde el 16 de abril y hasta el pr\u00f3ximo lunes 23, coincidiendo con el d\u00eda de Sant&#8230;<\/p>\n","protected":false},"author":1,"featured_media":755,"comment_status":"open","ping_status":"open","sticky":false,"template":"","format":"standard","meta":{"footnotes":""},"categories":[423],"tags":[88,83],"home_featured":[],"class_list":["post-1350","post","type-post","status-publish","format-standard","has-post-thumbnail","hentry","category-nuestros-clientes","tag-llibres","tag-abacus"],"acf":[],"_links":{"self":[{"href":"https:\/\/www.manifestacom.com\/es\/wp-json\/wp\/v2\/posts\/1350","targetHints":{"allow":["GET"]}}],"collection":[{"href":"https:\/\/www.manifestacom.com\/es\/wp-json\/wp\/v2\/posts"}],"about":[{"href":"https:\/\/www.manifestacom.com\/es\/wp-json\/wp\/v2\/types\/post"}],"author":[{"embeddable":true,"href":"https:\/\/www.manifestacom.com\/es\/wp-json\/wp\/v2\/users\/1"}],"replies":[{"embeddable":true,"href":"https:\/\/www.manifestacom.com\/es\/wp-json\/wp\/v2\/comments?post=1350"}],"version-history":[{"count":1,"href":"https:\/\/www.manifestacom.com\/es\/wp-json\/wp\/v2\/posts\/1350\/revisions"}],"predecessor-version":[{"id":1589,"href":"https:\/\/www.manifestacom.com\/es\/wp-json\/wp\/v2\/posts\/1350\/revisions\/1589"}],"wp:featuredmedia":[{"embeddable":true,"href":"https:\/\/www.manifestacom.com\/es\/wp-json\/wp\/v2\/media\/755"}],"wp:attachment":[{"href":"https:\/\/www.manifestacom.com\/es\/wp-json\/wp\/v2\/media?parent=1350"}],"wp:term":[{"taxonomy":"category","embeddable":true,"href":"https:\/\/www.manifestacom.com\/es\/wp-json\/wp\/v2\/categories?post=1350"},{"taxonomy":"post_tag","embeddable":true,"href":"https:\/\/www.manifestacom.com\/es\/wp-json\/wp\/v2\/tags?post=1350"},{"taxonomy":"home_featured","embeddable":true,"href":"https:\/\/www.manifestacom.com\/es\/wp-json\/wp\/v2\/home_featured?post=1350"}],"curies":[{"name":"wp","href":"https:\/\/api.w.org\/{rel}","templated":true}]}}