{"id":1352,"date":"2013-11-21T13:03:38","date_gmt":"2013-11-21T13:03:38","guid":{"rendered":"http:\/\/www.manifestacom.com\/abacus-crece-con-un-nuevo-establecimiento-en-valencia\/"},"modified":"2017-05-09T08:12:29","modified_gmt":"2017-05-09T08:12:29","slug":"abacus-crece-con-un-nuevo-establecimiento-en-valencia","status":"publish","type":"post","link":"https:\/\/www.manifestacom.com\/es\/abacus-crece-con-un-nuevo-establecimiento-en-valencia\/","title":{"rendered":"Abacus crece con un nuevo establecimiento en Valencia"},"content":{"rendered":"<p>Abacus cooperativa ha abierto las puertas de un <strong>nuevo establecimiento en Torrent<\/strong> (Valencia) con el cual <strong>suma ya tres tiendas en la Comunidad Valenciana<\/strong>, juntamente con el Abacus de Valencia capital y el de Castell\u00f3n de la Plana.<\/p>\n<p>Situado en la avenida Al Vedat 101, en pleno centro urbano, el nuevo Abacus de Torrent, poblaci\u00f3n que supera los 80.000 habitantes, ha supuesto una inversi\u00f3n de 150.000 euros y la creaci\u00f3n de 6 puestos de trabajo. El local dispone de una superficie de venta de 372 m\u00b2 y su ubicaci\u00f3n en el centro urbano le permitir\u00e1 dinamizar la vida cultural y social de la ciudad, a trav\u00e9s de su oferta educativa, cultural y de ocio, adem\u00e1s de las diferentes actividades programadas, tanto para p\u00fablicos adultos como infantiles, en el establecimiento.<\/p>\n<p>El director general de <a href=\"http:\/\/abacus.coop\/\" target=\"_blank\">Abacus cooperativa<\/a>, Miquel \u00c0ngel Oliva, ha querido destacar la satisfacci\u00f3n de la cooperativa en abrir un nuevo local en la Comunidad Valenciana. \u201cSe trata de ampliar nuestra presencia m\u00e1s all\u00e1 de Catalunya, instal\u00e1ndonos en los tejidos comerciales de las poblaciones, a trav\u00e9s de un comercio cercano, amable y de confianza que responda a las nuevas demandas de los clientes\u201d, ha explicado Oliva.<\/p>\n<p>Abacus cooperativa cuenta con alrededor de 50.000 socios de consumo en la Comunidad Valenciana, que forman parte de los m\u00e1s de 760.000 socios de consumo de la cooperativa y se suman a los 473 socios de trabajo, a trav\u00e9s de una red de 37 establecimientos. Adem\u00e1s, Abacus ha puesto en marcha este a\u00f1o un nuevo modelo de negocio basado en las franquicias bajo la marca <a href=\"http:\/\/abacus.coop\/ca\/uppali\/\" target=\"_blank\">Uppali<\/a>.<\/p>\n","protected":false},"excerpt":{"rendered":"<p>Abacus cooperativa ha abierto las puertas de un nuevo establecimiento en Torrent (Valencia) con el cual suma ya tres tiendas en la Comunidad Valenciana, juntamente con el Abacus de Valencia capital y el de Castell\u00f3n de la Plana. Situado en la avenida Al Vedat 101,&#8230;<\/p>\n","protected":false},"author":1,"featured_media":0,"comment_status":"open","ping_status":"open","sticky":false,"template":"","format":"standard","meta":{"footnotes":""},"categories":[423],"tags":[83],"home_featured":[],"class_list":["post-1352","post","type-post","status-publish","format-standard","hentry","category-nuestros-clientes","tag-abacus"],"acf":[],"_links":{"self":[{"href":"https:\/\/www.manifestacom.com\/es\/wp-json\/wp\/v2\/posts\/1352","targetHints":{"allow":["GET"]}}],"collection":[{"href":"https:\/\/www.manifestacom.com\/es\/wp-json\/wp\/v2\/posts"}],"about":[{"href":"https:\/\/www.manifestacom.com\/es\/wp-json\/wp\/v2\/types\/post"}],"author":[{"embeddable":true,"href":"https:\/\/www.manifestacom.com\/es\/wp-json\/wp\/v2\/users\/1"}],"replies":[{"embeddable":true,"href":"https:\/\/www.manifestacom.com\/es\/wp-json\/wp\/v2\/comments?post=1352"}],"version-history":[{"count":1,"href":"https:\/\/www.manifestacom.com\/es\/wp-json\/wp\/v2\/posts\/1352\/revisions"}],"predecessor-version":[{"id":1761,"href":"https:\/\/www.manifestacom.com\/es\/wp-json\/wp\/v2\/posts\/1352\/revisions\/1761"}],"wp:attachment":[{"href":"https:\/\/www.manifestacom.com\/es\/wp-json\/wp\/v2\/media?parent=1352"}],"wp:term":[{"taxonomy":"category","embeddable":true,"href":"https:\/\/www.manifestacom.com\/es\/wp-json\/wp\/v2\/categories?post=1352"},{"taxonomy":"post_tag","embeddable":true,"href":"https:\/\/www.manifestacom.com\/es\/wp-json\/wp\/v2\/tags?post=1352"},{"taxonomy":"home_featured","embeddable":true,"href":"https:\/\/www.manifestacom.com\/es\/wp-json\/wp\/v2\/home_featured?post=1352"}],"curies":[{"name":"wp","href":"https:\/\/api.w.org\/{rel}","templated":true}]}}