{"id":1354,"date":"2012-12-20T15:42:00","date_gmt":"2012-12-20T15:42:00","guid":{"rendered":"http:\/\/www.manifestacom.com\/abacus-se-incorpora-al-gremi-de-llibreters\/"},"modified":"2017-05-16T18:57:14","modified_gmt":"2017-05-16T18:57:14","slug":"abacus-se-incorpora-al-gremi-de-llibreters","status":"publish","type":"post","link":"https:\/\/www.manifestacom.com\/es\/abacus-se-incorpora-al-gremi-de-llibreters\/","title":{"rendered":"Abacus se incorpora al Gremi de Llibreters"},"content":{"rendered":"<p>El <a href=\"http:\/\/www.elperiodico.cat\/ca\/noticias\/oci-i-cultura\/gremi-llibreters-abacus-tanquen-dues-decades-contenciosos-2276823\" target=\"_blank\">Gremi de Llibreters de Catalunya y Abacus cooperativa han llegado a un acuerd<\/a>o que supondr\u00e1 la incorporaci\u00f3n de la cooperativa como miembro de pleno derecho del Gremi y a trav\u00e9s del cual ambas entidades cierran el contencioso hist\u00f3rico que las enfrentaba durante a\u00f1os por la aplicaci\u00f3n del <a href=\"http:\/\/www.ara.cat\/premium\/cultura\/final-guerra-del-llibre_0_832116828.html\" target=\"_blank\">precio fijo en el libro<\/a>.<\/p>\n<p>En base al acuerdo, firmado ayer mi\u00e9rcoles por los presidentes del Gremi y Abacus, Antoni Daura i Narc\u00eds Castanyer, respectivamente, las entidades se comprometen a trabajar juntas para mejorar la red de librer\u00edas en Catalunya y para afrontar de manera conjunta los retos que el mundo del libro tiene.<\/p>\n<p>Antoni Daura, presidente del <a href=\"http:\/\/www.gremidellibreters.cat\/\" target=\"_blank\">Gremi de Llibreters de Catalunya<\/a>, destac\u00f3 que \u201ctodos hemos realizado un paso adelante para reconducir una situaci\u00f3n que nos perjudicaba y debilitaba en gran modo\u201d. \u201cEl Gremi quiere agrupar todas las empresas dedicadas a la venta al detalle de libros, sea cual sea la dimensi\u00f3n, y era una anomal\u00eda que Abacus no formara parte de \u00e9ste, ya que todos juntos somos m\u00e1s fuertes\u201d, a\u00f1adi\u00f3.<\/p>\n<p>Por su parte, Narc\u00eds Castanyer, presidente de <a href=\"http:\/\/www.abacus.coop\/AbacusPages\/Default.aspx\" target=\"_blank\">Abacus cooperativa<\/a>, valor\u00f3 muy positivamente la decisi\u00f3n al considerar que \u201ces una incorporaci\u00f3n con la que todos ganamos\u201d. Castanyer destac\u00f3 \u201cel esfuerzo que han hecho el Gremi y Abacus para acabar regularizando una situaci\u00f3n at\u00edpica como era el hecho de que Abacus cooperativa, uno de los l\u00edderes en distribuci\u00f3n de libros en Catalunya, no participara de las actividades del Gremi\u201d.<\/p>\n<p><a href=\"http:\/\/www.manifestacom.com\/2012\/12\/20\/abacus-incorpora-al-gremi-de-llibreters\/abacus-i-gremi\/\" rel=\"attachment wp-att-1543\"><img loading=\"lazy\" decoding=\"async\" title=\"Signatura acord entre Abacus cooperativa i el Gremi de Llibreters de Catalunya\" src=\"http:\/\/www.manifestacom.com\/wp-content\/uploads\/2012\/12\/Abacus-i-Gremi-580x364.jpg\" alt=\"\" width=\"580\" height=\"364\" \/><\/a><\/p>\n","protected":false},"excerpt":{"rendered":"<p>El Gremi de Llibreters de Catalunya y Abacus cooperativa han llegado a un acuerdo que supondr\u00e1 la incorporaci\u00f3n de la cooperativa como miembro de pleno derecho del Gremi y a trav\u00e9s del cual ambas entidades cierran el contencioso hist\u00f3rico que las enfrentaba durante a\u00f1os por&#8230;<\/p>\n","protected":false},"author":1,"featured_media":777,"comment_status":"open","ping_status":"open","sticky":false,"template":"","format":"standard","meta":{"footnotes":""},"categories":[421],"tags":[90,83,91],"home_featured":[],"class_list":["post-1354","post","type-post","status-publish","format-standard","has-post-thumbnail","hentry","category-el-post-es","tag-cultura","tag-abacus","tag-gremi-de-llibreters"],"acf":[],"_links":{"self":[{"href":"https:\/\/www.manifestacom.com\/es\/wp-json\/wp\/v2\/posts\/1354","targetHints":{"allow":["GET"]}}],"collection":[{"href":"https:\/\/www.manifestacom.com\/es\/wp-json\/wp\/v2\/posts"}],"about":[{"href":"https:\/\/www.manifestacom.com\/es\/wp-json\/wp\/v2\/types\/post"}],"author":[{"embeddable":true,"href":"https:\/\/www.manifestacom.com\/es\/wp-json\/wp\/v2\/users\/1"}],"replies":[{"embeddable":true,"href":"https:\/\/www.manifestacom.com\/es\/wp-json\/wp\/v2\/comments?post=1354"}],"version-history":[{"count":2,"href":"https:\/\/www.manifestacom.com\/es\/wp-json\/wp\/v2\/posts\/1354\/revisions"}],"predecessor-version":[{"id":1949,"href":"https:\/\/www.manifestacom.com\/es\/wp-json\/wp\/v2\/posts\/1354\/revisions\/1949"}],"wp:featuredmedia":[{"embeddable":true,"href":"https:\/\/www.manifestacom.com\/es\/wp-json\/wp\/v2\/media\/777"}],"wp:attachment":[{"href":"https:\/\/www.manifestacom.com\/es\/wp-json\/wp\/v2\/media?parent=1354"}],"wp:term":[{"taxonomy":"category","embeddable":true,"href":"https:\/\/www.manifestacom.com\/es\/wp-json\/wp\/v2\/categories?post=1354"},{"taxonomy":"post_tag","embeddable":true,"href":"https:\/\/www.manifestacom.com\/es\/wp-json\/wp\/v2\/tags?post=1354"},{"taxonomy":"home_featured","embeddable":true,"href":"https:\/\/www.manifestacom.com\/es\/wp-json\/wp\/v2\/home_featured?post=1354"}],"curies":[{"name":"wp","href":"https:\/\/api.w.org\/{rel}","templated":true}]}}