{"id":1355,"date":"2012-01-30T20:11:46","date_gmt":"2012-01-30T20:11:46","guid":{"rendered":"http:\/\/www.manifestacom.com\/acciona-repsol-iberdrola-e-inditex-entre-las-100-empresas-del-mundo-con-mejor-politica-de-sostenibilidad\/"},"modified":"2017-05-09T17:45:58","modified_gmt":"2017-05-09T17:45:58","slug":"acciona-repsol-iberdrola-e-inditex-entre-las-100-empresas-del-mundo-con-mejor-politica-de-sostenibilidad","status":"publish","type":"post","link":"https:\/\/www.manifestacom.com\/es\/acciona-repsol-iberdrola-e-inditex-entre-las-100-empresas-del-mundo-con-mejor-politica-de-sostenibilidad\/","title":{"rendered":"Acciona, Repsol, Iberdrola e Inditex, entre las 100 empresas del mundo con mejor pol\u00edtica de sostenibilidad."},"content":{"rendered":"<p><a href=\"http:\/\/www.manifestacom.com\/2012\/01\/30\/acciona-repsol-iberdrola-i-inditex-entre-les-100-empreses-del-mon-amb-millor-politica-de-sostenibilitat\/acciona\/\" rel=\"attachment wp-att-867\"><img loading=\"lazy\" decoding=\"async\" class=\"alignleft size-full wp-image-867\" title=\"ACCIONA\" src=\"http:\/\/www.manifestacom.com\/wp-content\/uploads\/2012\/01\/ACCIONA.jpg\" alt=\"\" width=\"240\" height=\"210\" \/><\/a><\/p>\n<p>Las <strong><em><a href=\"http:\/\/www.abc.es\/20120125\/economia\/abci-ranking-empresas-sostenibles-201201251611.html\">empresas espa\u00f1olas<\/a><\/em><\/strong> van mejorando a\u00f1o tras\u00a0a\u00f1o su posici\u00f3n en el ranking mundial del <strong><em><a href=\"http:\/\/global100.org\/annual-lists\/2012-global-100-list.html\">Global100<\/a><\/em><\/strong>, de las corporaci\u00f3nes m\u00e1s sostenibles del mundo, seg\u00fan la lista hecha p\u00fablica recientemente en Davos. Teniendo en cuenta que en 2010 s\u00f3lo hab\u00eda una empresa espa\u00f1ola en la lista, hay que valorar muy positivamente esta evoluci\u00f3n. Reino Unido lidera, con diecis\u00e9is corporaciones, el listado por pa\u00edses, seguido de Jap\u00f3n, con once.<\/p>\n","protected":false},"excerpt":{"rendered":"<p>Las empresas espa\u00f1olas van mejorando a\u00f1o tras\u00a0a\u00f1o su posici\u00f3n en el ranking mundial del Global100, de las corporaci\u00f3nes m\u00e1s sostenibles del mundo, seg\u00fan la lista hecha p\u00fablica recientemente en Davos. Teniendo en cuenta que en 2010 s\u00f3lo hab\u00eda una empresa espa\u00f1ola en la lista, hay&#8230;<\/p>\n","protected":false},"author":1,"featured_media":780,"comment_status":"open","ping_status":"open","sticky":false,"template":"","format":"standard","meta":{"footnotes":""},"categories":[422],"tags":[],"home_featured":[],"class_list":["post-1355","post","type-post","status-publish","format-standard","has-post-thumbnail","hentry","category-la-noticia-y-el-comentario"],"acf":[],"_links":{"self":[{"href":"https:\/\/www.manifestacom.com\/es\/wp-json\/wp\/v2\/posts\/1355","targetHints":{"allow":["GET"]}}],"collection":[{"href":"https:\/\/www.manifestacom.com\/es\/wp-json\/wp\/v2\/posts"}],"about":[{"href":"https:\/\/www.manifestacom.com\/es\/wp-json\/wp\/v2\/types\/post"}],"author":[{"embeddable":true,"href":"https:\/\/www.manifestacom.com\/es\/wp-json\/wp\/v2\/users\/1"}],"replies":[{"embeddable":true,"href":"https:\/\/www.manifestacom.com\/es\/wp-json\/wp\/v2\/comments?post=1355"}],"version-history":[{"count":1,"href":"https:\/\/www.manifestacom.com\/es\/wp-json\/wp\/v2\/posts\/1355\/revisions"}],"predecessor-version":[{"id":1820,"href":"https:\/\/www.manifestacom.com\/es\/wp-json\/wp\/v2\/posts\/1355\/revisions\/1820"}],"wp:featuredmedia":[{"embeddable":true,"href":"https:\/\/www.manifestacom.com\/es\/wp-json\/wp\/v2\/media\/780"}],"wp:attachment":[{"href":"https:\/\/www.manifestacom.com\/es\/wp-json\/wp\/v2\/media?parent=1355"}],"wp:term":[{"taxonomy":"category","embeddable":true,"href":"https:\/\/www.manifestacom.com\/es\/wp-json\/wp\/v2\/categories?post=1355"},{"taxonomy":"post_tag","embeddable":true,"href":"https:\/\/www.manifestacom.com\/es\/wp-json\/wp\/v2\/tags?post=1355"},{"taxonomy":"home_featured","embeddable":true,"href":"https:\/\/www.manifestacom.com\/es\/wp-json\/wp\/v2\/home_featured?post=1355"}],"curies":[{"name":"wp","href":"https:\/\/api.w.org\/{rel}","templated":true}]}}