{"id":1357,"date":"2013-10-31T05:17:32","date_gmt":"2013-10-31T05:17:32","guid":{"rendered":"http:\/\/www.manifestacom.com\/con-que-relaciona-google-el-termino-comunicacion-corporativa\/"},"modified":"2017-05-18T17:12:29","modified_gmt":"2017-05-18T17:12:29","slug":"con-que-relaciona-google-el-termino-comunicacion-corporativa","status":"publish","type":"post","link":"https:\/\/www.manifestacom.com\/es\/con-que-relaciona-google-el-termino-comunicacion-corporativa\/","title":{"rendered":"\u00bfCon qu\u00e9 relaciona Google el t\u00e9rmino \u201ccomunicaci\u00f3n corporativa\u201d?"},"content":{"rendered":"<p><a href=\"http:\/\/www.manifestacom.com\/wp-content\/uploads\/2013\/10\/Google.jpg\"><img loading=\"lazy\" decoding=\"async\" class=\"aligncenter size-medium wp-image-2149\" title=\"Google\" src=\"http:\/\/www.manifestacom.com\/wp-content\/uploads\/2013\/10\/Google-580x357.jpg\" alt=\"\" width=\"580\" height=\"357\" \/><\/a><\/p>\n<p>La semana pasada habl\u00e1bamos de la <a href=\"http:\/\/www.manifestacom.com\/es\/2013\/10\/22\/el-masclisme-arreu-del-mon-reflectit-al-mirall-de-google\/\">campa\u00f1a<\/a> de las Naciones Unidas que utiliza el servicio de predicci\u00f3n de b\u00fasquedas de Google para denunciar las actitudes contra las mujeres en todo el mundo.<\/p>\n<p>Esta semana recomendamos un post del blog la periodista y consultora freelance <a href=\"http:\/\/cristinaaced.com\/blog\/2013\/10\/25\/que-son-las-relaciones-publicas-segun-google-jugando-con-el-autocompletado\/\">Cristina Aced<\/a>, quien inspirada por la campa\u00f1a ha jugado un poco con la misma herramienta para ver con qu\u00e9 relacionan los usuarios del motor de b\u00fasqueda t\u00e9rminos como \u201crelaciones p\u00fablicas\u201d o \u201ccomunicaci\u00f3n corporativa\u201d.<\/p>\n<p>Un ejercicio interesante. Pod\u00e9is ver los resultados <a href=\"http:\/\/cristinaaced.com\/blog\/2013\/10\/25\/que-son-las-relaciones-publicas-segun-google-jugando-con-el-autocompletado\/\">aqu\u00ed<\/a>.<\/p>\n","protected":false},"excerpt":{"rendered":"<p>La semana pasada habl\u00e1bamos de la campa\u00f1a de las Naciones Unidas que utiliza el servicio de predicci\u00f3n de b\u00fasquedas de Google para denunciar las actitudes contra las mujeres en todo el mundo. Esta semana recomendamos un post del blog la periodista y consultora freelance Cristina&#8230;<\/p>\n","protected":false},"author":1,"featured_media":786,"comment_status":"open","ping_status":"open","sticky":false,"template":"","format":"standard","meta":{"footnotes":""},"categories":[422],"tags":[443,44,96,70,97],"home_featured":[],"class_list":["post-1357","post","type-post","status-publish","format-standard","has-post-thumbnail","hentry","category-la-noticia-y-el-comentario","tag-xarxes-socials-es","tag-digital","tag-corporatiu","tag-rrpp","tag-social-media"],"acf":[],"_links":{"self":[{"href":"https:\/\/www.manifestacom.com\/es\/wp-json\/wp\/v2\/posts\/1357","targetHints":{"allow":["GET"]}}],"collection":[{"href":"https:\/\/www.manifestacom.com\/es\/wp-json\/wp\/v2\/posts"}],"about":[{"href":"https:\/\/www.manifestacom.com\/es\/wp-json\/wp\/v2\/types\/post"}],"author":[{"embeddable":true,"href":"https:\/\/www.manifestacom.com\/es\/wp-json\/wp\/v2\/users\/1"}],"replies":[{"embeddable":true,"href":"https:\/\/www.manifestacom.com\/es\/wp-json\/wp\/v2\/comments?post=1357"}],"version-history":[{"count":1,"href":"https:\/\/www.manifestacom.com\/es\/wp-json\/wp\/v2\/posts\/1357\/revisions"}],"predecessor-version":[{"id":1628,"href":"https:\/\/www.manifestacom.com\/es\/wp-json\/wp\/v2\/posts\/1357\/revisions\/1628"}],"wp:featuredmedia":[{"embeddable":true,"href":"https:\/\/www.manifestacom.com\/es\/wp-json\/wp\/v2\/media\/786"}],"wp:attachment":[{"href":"https:\/\/www.manifestacom.com\/es\/wp-json\/wp\/v2\/media?parent=1357"}],"wp:term":[{"taxonomy":"category","embeddable":true,"href":"https:\/\/www.manifestacom.com\/es\/wp-json\/wp\/v2\/categories?post=1357"},{"taxonomy":"post_tag","embeddable":true,"href":"https:\/\/www.manifestacom.com\/es\/wp-json\/wp\/v2\/tags?post=1357"},{"taxonomy":"home_featured","embeddable":true,"href":"https:\/\/www.manifestacom.com\/es\/wp-json\/wp\/v2\/home_featured?post=1357"}],"curies":[{"name":"wp","href":"https:\/\/api.w.org\/{rel}","templated":true}]}}