{"id":1361,"date":"2012-07-23T13:05:42","date_gmt":"2012-07-23T13:05:42","guid":{"rendered":"http:\/\/www.manifestacom.com\/avancar-el-primer-operador-de-carsharing-en-cataluna-apuesta-por-adoptar-las-redes-sociales-como-canales-dentro-de-su-estrategia-de-comunicacion\/"},"modified":"2017-05-08T14:01:10","modified_gmt":"2017-05-08T14:01:10","slug":"avancar-el-primer-operador-de-carsharing-en-cataluna-apuesta-por-adoptar-las-redes-sociales-como-canales-dentro-de-su-estrategia-de-comunicacion","status":"publish","type":"post","link":"https:\/\/www.manifestacom.com\/es\/avancar-el-primer-operador-de-carsharing-en-cataluna-apuesta-por-adoptar-las-redes-sociales-como-canales-dentro-de-su-estrategia-de-comunicacion\/","title":{"rendered":"Avancar, el primer operador de carsharing en Catalu\u00f1a, apuesta por adoptar las redes sociales como canales dentro de su estrategia de comunicaci\u00f3n"},"content":{"rendered":"<p style=\"text-align: justify;\"><a title=\"avancar\" href=\"http:\/\/www.avancar.es\/cat\/index.php\" target=\"_blank\"><img loading=\"lazy\" decoding=\"async\" class=\"alignleft\" title=\"avancar_es\" src=\"http:\/\/www.avancar.es\/_img\/banner1.jpg\" alt=\"\" width=\"220\" height=\"107\" \/>Avancar<\/a>\u00a0es el primer y \u00fanico operador de <strong>carsharing en Catalu\u00f1a, <\/strong>un tipo de movilidad que consiste en alquilar coches por d\u00edas o por horas, permitiendo al usuario disponer de un veh\u00edculo cuando lo necesita sin tener que ser el propietario del mismo ni hacer frente a los gastos que ello comporta.<\/p>\n<p>Nacida en 2005 en Catalu\u00f1a de la mano de la Generalitat de Catalunya, el Ajuntament de Barcelona y la Associaci\u00f3 per la Promoci\u00f3 del Transport P\u00fablic, actualmente cuenta con m\u00e1s de 6.000 asociados, una flota de 114 veh\u00edculos y 35 aparcamientos en la ciudad de Barcelona. Desde el 2011, la empresa norteamericana Zipcar adquiri\u00f3 el 60% del accionariado y asent\u00f3 las bases de la expansi\u00f3n de Avancar hacia el resto de Espa\u00f1a.<\/p>\n<p>Avancar, en su apuesta por las nuevas tecnolog\u00edas, ha sumado las redes sociales a su ya existente newsletter mensual para completar los canales de comunicaci\u00f3n digital de la marca. Es posible encontraros en <strong><a title=\"facebook_avancar\" href=\"https:\/\/www.facebook.com\/pages\/Avancar-Carsharing\/30182359499\" target=\"_blank\">Facebook<\/a><\/strong>\u00a0y en su <strong><a title=\"twitter_avancar\" href=\"https:\/\/twitter.com\/AvanCarSharing\" target=\"_blank\">perfil de Twitter<\/a><\/strong>. Adem\u00e1s, realiza atrevidas campa\u00f1as de publicidad a trav\u00e9s de <strong>Google Adwords. <\/strong><\/p>\n<p>Se prevee que la adaptaci\u00f3n de la empresa al sistema tecnol\u00f3gico Zipcar generar\u00e1 cambios en el funcionamiento del servicio, y la adopci\u00f3n de los nuevos canales de comunicaci\u00f3n juega un gran papel a la hora de dar a conocer a los distintos p\u00fablicos las mejoras adoptadas.<\/p>\n","protected":false},"excerpt":{"rendered":"<p>Avancar\u00a0es el primer y \u00fanico operador de carsharing en Catalu\u00f1a, un tipo de movilidad que consiste en alquilar coches por d\u00edas o por horas, permitiendo al usuario disponer de un veh\u00edculo cuando lo necesita sin tener que ser el propietario del mismo ni hacer frente&#8230;<\/p>\n","protected":false},"author":1,"featured_media":796,"comment_status":"open","ping_status":"open","sticky":false,"template":"","format":"standard","meta":{"footnotes":""},"categories":[421],"tags":[103,104,105,106,97],"home_featured":[],"class_list":["post-1361","post","type-post","status-publish","format-standard","has-post-thumbnail","hentry","category-el-post-es","tag-avancar","tag-barcelona","tag-medi-ambient","tag-sostenibilitat","tag-social-media"],"acf":[],"_links":{"self":[{"href":"https:\/\/www.manifestacom.com\/es\/wp-json\/wp\/v2\/posts\/1361","targetHints":{"allow":["GET"]}}],"collection":[{"href":"https:\/\/www.manifestacom.com\/es\/wp-json\/wp\/v2\/posts"}],"about":[{"href":"https:\/\/www.manifestacom.com\/es\/wp-json\/wp\/v2\/types\/post"}],"author":[{"embeddable":true,"href":"https:\/\/www.manifestacom.com\/es\/wp-json\/wp\/v2\/users\/1"}],"replies":[{"embeddable":true,"href":"https:\/\/www.manifestacom.com\/es\/wp-json\/wp\/v2\/comments?post=1361"}],"version-history":[{"count":1,"href":"https:\/\/www.manifestacom.com\/es\/wp-json\/wp\/v2\/posts\/1361\/revisions"}],"predecessor-version":[{"id":1687,"href":"https:\/\/www.manifestacom.com\/es\/wp-json\/wp\/v2\/posts\/1361\/revisions\/1687"}],"wp:featuredmedia":[{"embeddable":true,"href":"https:\/\/www.manifestacom.com\/es\/wp-json\/wp\/v2\/media\/796"}],"wp:attachment":[{"href":"https:\/\/www.manifestacom.com\/es\/wp-json\/wp\/v2\/media?parent=1361"}],"wp:term":[{"taxonomy":"category","embeddable":true,"href":"https:\/\/www.manifestacom.com\/es\/wp-json\/wp\/v2\/categories?post=1361"},{"taxonomy":"post_tag","embeddable":true,"href":"https:\/\/www.manifestacom.com\/es\/wp-json\/wp\/v2\/tags?post=1361"},{"taxonomy":"home_featured","embeddable":true,"href":"https:\/\/www.manifestacom.com\/es\/wp-json\/wp\/v2\/home_featured?post=1361"}],"curies":[{"name":"wp","href":"https:\/\/api.w.org\/{rel}","templated":true}]}}