{"id":1363,"date":"2014-06-22T01:48:02","date_gmt":"2014-06-22T01:48:02","guid":{"rendered":"http:\/\/www.manifestacom.com\/barcelona-punto-de-encuentro-para-la-diplomacia-digital\/"},"modified":"2014-06-22T01:48:02","modified_gmt":"2014-06-22T01:48:02","slug":"barcelona-punto-de-encuentro-para-la-diplomacia-digital","status":"publish","type":"post","link":"https:\/\/www.manifestacom.com\/es\/barcelona-punto-de-encuentro-para-la-diplomacia-digital\/","title":{"rendered":"Barcelona, punto de encuentro para la diplomacia digital"},"content":{"rendered":"<p><a href=\"http:\/\/www.manifestacom.com\/wp-content\/uploads\/2014\/05\/BCNDigitalDiplomacy.jpg\"><img loading=\"lazy\" decoding=\"async\" class=\"aligncenter size-medium wp-image-2448\" title=\"BCNDigitalDiplomacy\" src=\"http:\/\/www.manifestacom.com\/wp-content\/uploads\/2014\/05\/BCNDigitalDiplomacy-580x290.jpg\" alt=\"\" width=\"580\" height=\"290\" \/><\/a>Este jueves 8 de mayo, no os perd\u00e1is la <a href=\"http:\/\/diplocat.cat\/files\/docs\/140508_DigitalDiplomacy.pdf\" target=\"_blank\">jornada <\/a>&#8220;Digital Diplomacy: Fostering a collaborative engagement&#8221; organizada por el Consejo de Diplomacia P\u00fablica de Catalu\u00f1a, m\u00e1s conocido como Diplocat. Expertos en comunicaci\u00f3n vinculados a los \u00e1mbitos de la diplomacia p\u00fablica y las relaciones internacionales se reunir\u00e1n en Barcelona para compartir experiencias e ideas sobre c\u00f3mo las redes sociales y otras herramientas de Internet pueden facilitar una <a href=\"http:\/\/en.wikipedia.org\/wiki\/Digital_diplomacy\" target=\"_blank\">diplomacia digital<\/a>, m\u00e1s participativa y transparente.<\/p>\n<p>Entre otros participar\u00e1n <a href=\"http:\/\/blogs.fco.gov.uk\/tomfletcher\/\" target=\"_blank\">Tom Fletcher<\/a>, embajador del Reino Unido en el L\u00edbano y uno de los m\u00e1ximos exponentes de la diplomacia digital; <a href=\"http:\/\/www.huffingtonpost.com\/arturo-sarukhan\/\" target=\"_blank\">Arturo Sarukh\u00e1n<\/a>, ex embajador de M\u00e9xico en Estados Unidos y pionero de la diplomacia digital; Gokhan Yucel, co- fundador y presidente de <a href=\"http:\/\/www.yenidiplomasi.com\/\" target=\"_blank\">Yeni Diplomasi<\/a>, de Turqu\u00eda; Marlowe Hood, creador del <a href=\"http:\/\/ediplomacy.afp.com\/#!\/\" target=\"_blank\">e- diplomacy Hub<\/a> de la Agence France Presse; Alexandra Ekkelenkamp y Pablo P\u00e9rez- Armenteros, responsables de redes sociales del Consejo de la UE y de la Comisi\u00f3n Europea; Albert Medr\u00e1n, responsable de comunicaci\u00f3n de <a href=\"http:\/\/www.change.org\/es\" target=\"_blank\">Change.org<\/a> y algunos de los autores del estudio <a href=\"http:\/\/twiplomacy.com\/\" target=\"_blank\">Twiplomacy <\/a>sobre c\u00f3mo los l\u00edderes de gobiernos en todo el mundo utilizan Twitter.<\/p>\n<p>Si no ten\u00e9is previsto asistir, pod\u00e9is seguir la jornada en directo v\u00eda <em>streaming<\/em> desde la web del <a href=\"http:\/\/www.diplocat.cat\/\" target=\"_blank\">Diplocat<\/a>.<\/p>\n<p>El Diplocat tiene en marcha varias iniciativas de diplomacia digital y participativa que aprovechan las nuevas tecnolog\u00edas de Internet para dar a conocer Catalu\u00f1a al resto del mundo. En Twitter, el Diplocat tiene dos proyectos: <a href=\"https:\/\/twitter.com\/CatalanVoices\" target=\"_blank\">@CatalanVoices<\/a>, una cuenta que gestiona <a href=\"http:\/\/catalanvoices.com\/\" target=\"_blank\">cada semana<\/a> gestiona una persona diferente seg\u00fan el concepto &#8220;rotation curation&#8221; , y <a href=\"https:\/\/twitter.com\/ThIsCatalonia\" target=\"_blank\">@ThIsCatalonia<\/a>, a trav\u00e9s de cual se difunden noticias sobre la actividad del Consejo y sobre Catalu\u00f1a. El Diplocat est\u00e1 tambi\u00e9n presente en\u00a0<a href=\"http:\/\/pinterest.com\/ThisisCatalonia\" target=\"_blank\">Pinterest<\/a>, la red social para compartir im\u00e1genes, y utiliza Google Hangouts y <a href=\"http:\/\/www.youtube.com\/user\/DiplocatOficial\" target=\"_blank\">YouTube <\/a>para organizar breves debates p\u00fablicos sobre la actualidad pol\u00edtica y social de Catalu\u00f1a o sobre temas de inter\u00e9s global sobre los que Catalu\u00f1a tiene experiencia.<\/p>\n","protected":false},"excerpt":{"rendered":"<p>Este jueves 8 de mayo, no os perd\u00e1is la jornada &#8220;Digital Diplomacy: Fostering a collaborative engagement&#8221; organizada por el Consejo de Diplomacia P\u00fablica de Catalu\u00f1a, m\u00e1s conocido como Diplocat. Expertos en comunicaci\u00f3n vinculados a los \u00e1mbitos de la diplomacia p\u00fablica y las relaciones internacionales se&#8230;<\/p>\n","protected":false},"author":1,"featured_media":802,"comment_status":"open","ping_status":"open","sticky":false,"template":"","format":"standard","meta":{"footnotes":""},"categories":[422],"tags":[443,438,111,112,113,49,57],"home_featured":[],"class_list":["post-1363","post","type-post","status-publish","format-standard","has-post-thumbnail","hentry","category-la-noticia-y-el-comentario","tag-xarxes-socials-es","tag-comunicacio-digital-es","tag-comunicacio-institucional","tag-comunicacio-publica","tag-diplomacia","tag-xarxes-socials","tag-comunicacio-digital"],"acf":[],"_links":{"self":[{"href":"https:\/\/www.manifestacom.com\/es\/wp-json\/wp\/v2\/posts\/1363","targetHints":{"allow":["GET"]}}],"collection":[{"href":"https:\/\/www.manifestacom.com\/es\/wp-json\/wp\/v2\/posts"}],"about":[{"href":"https:\/\/www.manifestacom.com\/es\/wp-json\/wp\/v2\/types\/post"}],"author":[{"embeddable":true,"href":"https:\/\/www.manifestacom.com\/es\/wp-json\/wp\/v2\/users\/1"}],"replies":[{"embeddable":true,"href":"https:\/\/www.manifestacom.com\/es\/wp-json\/wp\/v2\/comments?post=1363"}],"version-history":[{"count":0,"href":"https:\/\/www.manifestacom.com\/es\/wp-json\/wp\/v2\/posts\/1363\/revisions"}],"wp:featuredmedia":[{"embeddable":true,"href":"https:\/\/www.manifestacom.com\/es\/wp-json\/wp\/v2\/media\/802"}],"wp:attachment":[{"href":"https:\/\/www.manifestacom.com\/es\/wp-json\/wp\/v2\/media?parent=1363"}],"wp:term":[{"taxonomy":"category","embeddable":true,"href":"https:\/\/www.manifestacom.com\/es\/wp-json\/wp\/v2\/categories?post=1363"},{"taxonomy":"post_tag","embeddable":true,"href":"https:\/\/www.manifestacom.com\/es\/wp-json\/wp\/v2\/tags?post=1363"},{"taxonomy":"home_featured","embeddable":true,"href":"https:\/\/www.manifestacom.com\/es\/wp-json\/wp\/v2\/home_featured?post=1363"}],"curies":[{"name":"wp","href":"https:\/\/api.w.org\/{rel}","templated":true}]}}