{"id":1364,"date":"2012-03-23T14:55:15","date_gmt":"2012-03-23T14:55:15","guid":{"rendered":"http:\/\/www.manifestacom.com\/barcelona-referente-de-la-excelencia-medica\/"},"modified":"2017-05-11T14:44:52","modified_gmt":"2017-05-11T14:44:52","slug":"barcelona-referente-de-la-excelencia-medica","status":"publish","type":"post","link":"https:\/\/www.manifestacom.com\/es\/barcelona-referente-de-la-excelencia-medica\/","title":{"rendered":"Barcelona, referente de la excelencia m\u00e9dica"},"content":{"rendered":"<p>La ciudad de <a href=\"http:\/\/www.elmundo.es\/elmundosalud\/2012\/03\/22\/noticias\/1332432905.html\" target=\"_blank\">Barcelona acoger\u00e1 un centro de innovaci\u00f3n quir\u00fargico y cardiol\u00f3gico <\/a>de alto nivel bajo el paraguas de una plataforma empresarial bautizada como <a href=\"http:\/\/www.bima-medical.com\/index.php#1\" target=\"_blank\">Barcelona International Medical Academy (BIMA)<\/a>, formada por una treintena de m\u00e9dicos de prestigio internacional, liderados por el cirujano Antonio de Lacy.<\/p>\n<p>Ayer tuvo lugar la presentaci\u00f3n de una iniciativa que pretende convertir Barcelona en un polo de atracci\u00f3n de la actividad m\u00e9dica, la investigaci\u00f3n biom\u00e9dica y la formaci\u00f3n en medicina avanzada. El futuro centro contar\u00e1 con una inversi\u00f3n de 14,5 millones de euros para los pr\u00f3ximos cinco a\u00f1os. El objetivo es promover la excelencia de los servicios sanitarios p\u00fablicos y privados y conseguir que Barcelona compita a nivel internacional en el diagn\u00f3stico y tratamiento de pacientes procedentes de otros pa\u00edses.<\/p>\n<p>Iniciativas como Barcelona International Medical Academy, nacidas con el objetivo de posicionar a la ciudad en el mapa sanitario y econ\u00f3mico mundial, s\u00ed constituyen, en contraposici\u00f3n a otros proyectos m\u00e1s medi\u00e1ticos pero controvertidos, una buena noticia para Barcelona y Catalunya, una prueba de la capacidad de liderazgo para emprender proyectos que aportan un gran valor a la actividad econ\u00f3mica en forma de I+D+i y marcan los pasos del que deber\u00eda ser el futuro modelo econ\u00f3mico del pa\u00eds.<\/p>\n","protected":false},"excerpt":{"rendered":"<p>La ciudad de Barcelona acoger\u00e1 un centro de innovaci\u00f3n quir\u00fargico y cardiol\u00f3gico de alto nivel bajo el paraguas de una plataforma empresarial bautizada como Barcelona International Medical Academy (BIMA), formada por una treintena de m\u00e9dicos de prestigio internacional, liderados por el cirujano Antonio de Lacy&#8230;.<\/p>\n","protected":false},"author":1,"featured_media":0,"comment_status":"open","ping_status":"open","sticky":false,"template":"","format":"standard","meta":{"footnotes":""},"categories":[422],"tags":[98,114,104],"home_featured":[],"class_list":["post-1364","post","type-post","status-publish","format-standard","hentry","category-la-noticia-y-el-comentario","tag-economia","tag-innovacio","tag-barcelona"],"acf":[],"_links":{"self":[{"href":"https:\/\/www.manifestacom.com\/es\/wp-json\/wp\/v2\/posts\/1364","targetHints":{"allow":["GET"]}}],"collection":[{"href":"https:\/\/www.manifestacom.com\/es\/wp-json\/wp\/v2\/posts"}],"about":[{"href":"https:\/\/www.manifestacom.com\/es\/wp-json\/wp\/v2\/types\/post"}],"author":[{"embeddable":true,"href":"https:\/\/www.manifestacom.com\/es\/wp-json\/wp\/v2\/users\/1"}],"replies":[{"embeddable":true,"href":"https:\/\/www.manifestacom.com\/es\/wp-json\/wp\/v2\/comments?post=1364"}],"version-history":[{"count":1,"href":"https:\/\/www.manifestacom.com\/es\/wp-json\/wp\/v2\/posts\/1364\/revisions"}],"predecessor-version":[{"id":1912,"href":"https:\/\/www.manifestacom.com\/es\/wp-json\/wp\/v2\/posts\/1364\/revisions\/1912"}],"wp:attachment":[{"href":"https:\/\/www.manifestacom.com\/es\/wp-json\/wp\/v2\/media?parent=1364"}],"wp:term":[{"taxonomy":"category","embeddable":true,"href":"https:\/\/www.manifestacom.com\/es\/wp-json\/wp\/v2\/categories?post=1364"},{"taxonomy":"post_tag","embeddable":true,"href":"https:\/\/www.manifestacom.com\/es\/wp-json\/wp\/v2\/tags?post=1364"},{"taxonomy":"home_featured","embeddable":true,"href":"https:\/\/www.manifestacom.com\/es\/wp-json\/wp\/v2\/home_featured?post=1364"}],"curies":[{"name":"wp","href":"https:\/\/api.w.org\/{rel}","templated":true}]}}