{"id":1368,"date":"2015-01-02T00:31:34","date_gmt":"2015-01-02T00:31:34","guid":{"rendered":"http:\/\/www.manifestacom.com\/campanadas-a-debate-el-sexismo-en-la-tele\/"},"modified":"2017-05-08T16:10:31","modified_gmt":"2017-05-08T16:10:31","slug":"campanadas-a-debate-el-sexismo-en-la-tele","status":"publish","type":"post","link":"https:\/\/www.manifestacom.com\/es\/campanadas-a-debate-el-sexismo-en-la-tele\/","title":{"rendered":"Campanadas a debate: el sexismo en la tele"},"content":{"rendered":"<p style=\"text-align: left;\"><a href=\"http:\/\/www.manifestacom.com\/wp-content\/uploads\/2015\/01\/Pedroche.jpg\"><img loading=\"lazy\" decoding=\"async\" class=\"aligncenter wp-image-2708\" title=\"Pedroche\" src=\"http:\/\/www.manifestacom.com\/wp-content\/uploads\/2015\/01\/Pedroche-580x334.jpg\" alt=\"\" width=\"406\" height=\"234\" \/><\/a>No resulta muy sorprendente que las tradicionales retransmisiones por televisi\u00f3n de las campanadas fueran <em>trending topic<\/em> en Twitter y un tema ampliamente comentado en Facebook, pero quiz\u00e1 lo es un poco m\u00e1s que se convirtiera en una ocasi\u00f3n para reactivar el debate sobre sexismo y machismo.<\/p>\n<p style=\"text-align: left;\">Como de costumbre, en muchos hogares uno de los temas de conversaci\u00f3n durante la sobremesa fue la vestimenda los presentadores en esta ocasi\u00f3n, que ya se ha convertido en una especie de desfile de moda. Este a\u00f1o, sin embargo, la noche dio un poco m\u00e1s de s\u00ed, y la conversaci\u00f3n se convirti\u00f3 en un debate sobre los diferentes criterios a la hora de vestir a hombres y mujeres para la pantalla.<\/p>\n<p style=\"text-align: left;\">La protagonista fue quiz\u00e1s Cristina Pedroche en La Sexta, donde apareci\u00f3 con un vestido \u2018Medusa\u2019 negro con transparencias que dejaba al descubierto buena parte de su cuerpo, y se convirti\u00f3 r\u00e1pidamente en el <a href=\"http:\/\/www.elperiodico.com\/es\/noticias\/gente-y-tv\/transparencias-cristina-pedroche-campanadas-twitter-3822508\" target=\"_blank\"><em>trending topic<\/em><\/a> de la noche en <a href=\"https:\/\/twitter.com\/hashtag\/cristinapedroche?src=hash\" target=\"_blank\">Twitter<\/a>, con la consecuente repercusi\u00f3n en los medios de comunicaci\u00f3n. Los modelos escogidos por la periodista Ana Boadas en TV3, Anne Igartiburu en TVE, Anna Sim\u00f3n en Antena 3 y Dafne Fern\u00e1ndez en las dos cadenas de Mediaset, Telecinco y Cuatro, no eran muy diferentes. Junto a ellas, los presentadores hombres Frank Blanco y Ram\u00f3n Garc\u00eda, vest\u00edan elegantes y bien abrigados para el fr\u00edo de diciembre.<\/p>\n<p>Las redes recogieron comentarios de todo tipo, desde luego. Un buen pu\u00f1ado de ellos, sin embargo, apunt\u00f3 al machismo de la puesta en escena, de los criterios que gu\u00edan los modelos de gala para hombres y mujeres y de la utilizaci\u00f3n del cuerpo de la mujer como reclamo para ganar audiencia. M\u00e1s all\u00e1 de la libertad personal de las presentadoras, la cuesti\u00f3n tiene una vertiente socio-pol\u00edtica y de \u00e9tica personal y profesional que no hay que desatender.<\/p>\n<p>Los incentivos para que las mujeres pongan su cuerpo a disposici\u00f3n de las cadenas de televisi\u00f3n no son cosa de broma: ganan ellas y gana la empresa. Toda profesional de la comunicaci\u00f3n tiene derecho a vestir como quiera, y mostrar su cuerpo y su ropa interior si lo desea. Pero cada vez que una profesional de la comunicaci\u00f3n accede a hacerlo, muchas otras profesionales igualmente v\u00e1lidas (o m\u00e1s), cuyos cuerpos quiz\u00e1 no resulten tan atractivos, pierden posibilidades de ser contratadas.<\/p>\n","protected":false},"excerpt":{"rendered":"<p>No resulta muy sorprendente que las tradicionales retransmisiones por televisi\u00f3n de las campanadas fueran trending topic en Twitter y un tema ampliamente comentado en Facebook, pero quiz\u00e1 lo es un poco m\u00e1s que se convirtiera en una ocasi\u00f3n para reactivar el debate sobre sexismo y&#8230;<\/p>\n","protected":false},"author":1,"featured_media":815,"comment_status":"open","ping_status":"open","sticky":false,"template":"","format":"standard","meta":{"footnotes":""},"categories":[421],"tags":[119,120,121,122,123],"home_featured":[],"class_list":["post-1368","post","type-post","status-publish","format-standard","has-post-thumbnail","hentry","category-el-post-es","tag-campanades","tag-cristina-pedroche","tag-masclisme","tag-sexisme","tag-tv"],"acf":[],"_links":{"self":[{"href":"https:\/\/www.manifestacom.com\/es\/wp-json\/wp\/v2\/posts\/1368","targetHints":{"allow":["GET"]}}],"collection":[{"href":"https:\/\/www.manifestacom.com\/es\/wp-json\/wp\/v2\/posts"}],"about":[{"href":"https:\/\/www.manifestacom.com\/es\/wp-json\/wp\/v2\/types\/post"}],"author":[{"embeddable":true,"href":"https:\/\/www.manifestacom.com\/es\/wp-json\/wp\/v2\/users\/1"}],"replies":[{"embeddable":true,"href":"https:\/\/www.manifestacom.com\/es\/wp-json\/wp\/v2\/comments?post=1368"}],"version-history":[{"count":1,"href":"https:\/\/www.manifestacom.com\/es\/wp-json\/wp\/v2\/posts\/1368\/revisions"}],"predecessor-version":[{"id":1707,"href":"https:\/\/www.manifestacom.com\/es\/wp-json\/wp\/v2\/posts\/1368\/revisions\/1707"}],"wp:featuredmedia":[{"embeddable":true,"href":"https:\/\/www.manifestacom.com\/es\/wp-json\/wp\/v2\/media\/815"}],"wp:attachment":[{"href":"https:\/\/www.manifestacom.com\/es\/wp-json\/wp\/v2\/media?parent=1368"}],"wp:term":[{"taxonomy":"category","embeddable":true,"href":"https:\/\/www.manifestacom.com\/es\/wp-json\/wp\/v2\/categories?post=1368"},{"taxonomy":"post_tag","embeddable":true,"href":"https:\/\/www.manifestacom.com\/es\/wp-json\/wp\/v2\/tags?post=1368"},{"taxonomy":"home_featured","embeddable":true,"href":"https:\/\/www.manifestacom.com\/es\/wp-json\/wp\/v2\/home_featured?post=1368"}],"curies":[{"name":"wp","href":"https:\/\/api.w.org\/{rel}","templated":true}]}}