{"id":1369,"date":"2013-04-10T17:37:03","date_gmt":"2013-04-10T17:37:03","guid":{"rendered":"http:\/\/www.manifestacom.com\/campana-en-usa-para-limitar-los-donativos-corporativos-a-campanas-electorales\/"},"modified":"2017-05-08T20:12:54","modified_gmt":"2017-05-08T20:12:54","slug":"campana-en-usa-para-limitar-los-donativos-corporativos-a-campanas-electorales","status":"publish","type":"post","link":"https:\/\/www.manifestacom.com\/es\/campana-en-usa-para-limitar-los-donativos-corporativos-a-campanas-electorales\/","title":{"rendered":"Campa\u00f1a en USA para limitar los donativos corporativos a campa\u00f1as electorales"},"content":{"rendered":"<p>La llibertat d\u2019expressi\u00f3 corporativa ha de ser igual que la dels ciutadans?<\/p>\n<p>S\u2019han de limitar els donatius d\u2019empreses a un partit o candidat electoral?<\/p>\n<p>La despesa en campanya electoral \u00e9s tamb\u00e9 una forma de \u201cllibertat d\u2019expressi\u00f3\u201d, i no pot ser limitada per la llei?<\/p>\n<p>Totes aquestes preguntes s\u00f3n tema de debat als Estats Units. El l\u00edmit de donatius a les campanyes electorals, \u00e9s un tema pol\u00e8mic i la <a title=\"freespeechforpeople\" href=\"http:\/\/freespeechforpeople.org\/\" target=\"_blank\">freespeechforpeople.org<\/a> ha creat \u201cYour Logo Here\u201d, una impactant campanya amb l\u2019objectiu de poder presentar una esmena al Govern del EE.UU. per limitar les els donatius de les empreses en campanyes electorals.<\/p>\n<p><iframe loading=\"lazy\" src=\"http:\/\/www.youtube.com\/embed\/WVhzFnosam4\" width=\"560\" height=\"315\" frameborder=\"0\"><\/iframe><\/p>\n<p>Twitter del <a title=\"fsfp\" href=\"https:\/\/twitter.com\/fsfp\" target=\"_blank\">@fsfp<\/a><\/p>\n","protected":false},"excerpt":{"rendered":"<p>La llibertat d\u2019expressi\u00f3 corporativa ha de ser igual que la dels ciutadans? S\u2019han de limitar els donatius d\u2019empreses a un partit o candidat electoral? La despesa en campanya electoral \u00e9s tamb\u00e9 una forma de \u201cllibertat d\u2019expressi\u00f3\u201d, i no pot ser limitada per la llei? Totes&#8230;<\/p>\n","protected":false},"author":1,"featured_media":818,"comment_status":"open","ping_status":"open","sticky":false,"template":"","format":"standard","meta":{"footnotes":""},"categories":[421],"tags":[124,125,52,96],"home_featured":[],"class_list":["post-1369","post","type-post","status-publish","format-standard","has-post-thumbnail","hentry","category-el-post-es","tag-comunicacio-electoral","tag-fundraising","tag-comunicacio-politica","tag-corporatiu"],"acf":[],"_links":{"self":[{"href":"https:\/\/www.manifestacom.com\/es\/wp-json\/wp\/v2\/posts\/1369","targetHints":{"allow":["GET"]}}],"collection":[{"href":"https:\/\/www.manifestacom.com\/es\/wp-json\/wp\/v2\/posts"}],"about":[{"href":"https:\/\/www.manifestacom.com\/es\/wp-json\/wp\/v2\/types\/post"}],"author":[{"embeddable":true,"href":"https:\/\/www.manifestacom.com\/es\/wp-json\/wp\/v2\/users\/1"}],"replies":[{"embeddable":true,"href":"https:\/\/www.manifestacom.com\/es\/wp-json\/wp\/v2\/comments?post=1369"}],"version-history":[{"count":1,"href":"https:\/\/www.manifestacom.com\/es\/wp-json\/wp\/v2\/posts\/1369\/revisions"}],"predecessor-version":[{"id":1752,"href":"https:\/\/www.manifestacom.com\/es\/wp-json\/wp\/v2\/posts\/1369\/revisions\/1752"}],"wp:featuredmedia":[{"embeddable":true,"href":"https:\/\/www.manifestacom.com\/es\/wp-json\/wp\/v2\/media\/818"}],"wp:attachment":[{"href":"https:\/\/www.manifestacom.com\/es\/wp-json\/wp\/v2\/media?parent=1369"}],"wp:term":[{"taxonomy":"category","embeddable":true,"href":"https:\/\/www.manifestacom.com\/es\/wp-json\/wp\/v2\/categories?post=1369"},{"taxonomy":"post_tag","embeddable":true,"href":"https:\/\/www.manifestacom.com\/es\/wp-json\/wp\/v2\/tags?post=1369"},{"taxonomy":"home_featured","embeddable":true,"href":"https:\/\/www.manifestacom.com\/es\/wp-json\/wp\/v2\/home_featured?post=1369"}],"curies":[{"name":"wp","href":"https:\/\/api.w.org\/{rel}","templated":true}]}}