{"id":1370,"date":"2012-02-02T08:26:23","date_gmt":"2012-02-02T08:26:23","guid":{"rendered":"http:\/\/www.manifestacom.com\/canete-abre-la-via-a-los-trasvases\/"},"modified":"2017-05-09T16:09:59","modified_gmt":"2017-05-09T16:09:59","slug":"canete-abre-la-via-a-los-trasvases","status":"publish","type":"post","link":"https:\/\/www.manifestacom.com\/es\/canete-abre-la-via-a-los-trasvases\/","title":{"rendered":"Ca\u00f1ete abre la v\u00eda a los trasvases"},"content":{"rendered":"<p><a href=\"http:\/\/www.manifestacom.com\/2012\/02\/02\/canete-obre-la-via-als-transvasaments\/trasvassament\/\" rel=\"attachment wp-att-907\"><img loading=\"lazy\" decoding=\"async\" class=\"alignleft size-full wp-image-907\" title=\"Trasvassament\" src=\"http:\/\/www.manifestacom.com\/wp-content\/uploads\/2012\/02\/Trasvassament.jpg\" alt=\"\" width=\"500\" height=\"392\" \/><\/a><\/p>\n<p>\u00bfSe recuperar\u00e1 el <a href=\"http:\/\/www.lavanguardia.com\/politica\/20120201\/54247369905\/arias-canete-anuncia-nuevo-plan-hidrologico-nacional-solidario.html\" target=\"_blank\">Plan Hidrol\u00f3gico <\/a>de la \u00e9poca de Aznar? \u00bfSe reformular\u00e1 de nuevo? Creemos que es necesario un <a href=\"http:\/\/es.wikipedia.org\/wiki\/Plan_Hidrol%C3%B3gico_Nacional\" target=\"_blank\">debate t\u00e9cnico y serio<\/a>, capaz de neutralizar las interferencias ideol\u00f3gicas, para poder establecer bases s\u00f3lidas y permanentes de las pol\u00edticas medioambientales en el pa\u00eds. Como la educaci\u00f3n, es un tema demasiado importante para dejarlo en manos de ideolog\u00edas.<\/p>\n","protected":false},"excerpt":{"rendered":"<p>\u00bfSe recuperar\u00e1 el Plan Hidrol\u00f3gico de la \u00e9poca de Aznar? \u00bfSe reformular\u00e1 de nuevo? Creemos que es necesario un debate t\u00e9cnico y serio, capaz de neutralizar las interferencias ideol\u00f3gicas, para poder establecer bases s\u00f3lidas y permanentes de las pol\u00edticas medioambientales en el pa\u00eds. Como la&#8230;<\/p>\n","protected":false},"author":1,"featured_media":821,"comment_status":"open","ping_status":"open","sticky":false,"template":"","format":"standard","meta":{"footnotes":""},"categories":[422],"tags":[126,105,106,52],"home_featured":[],"class_list":["post-1370","post","type-post","status-publish","format-standard","has-post-thumbnail","hentry","category-la-noticia-y-el-comentario","tag-infraestructures","tag-medi-ambient","tag-sostenibilitat","tag-comunicacio-politica"],"acf":[],"_links":{"self":[{"href":"https:\/\/www.manifestacom.com\/es\/wp-json\/wp\/v2\/posts\/1370","targetHints":{"allow":["GET"]}}],"collection":[{"href":"https:\/\/www.manifestacom.com\/es\/wp-json\/wp\/v2\/posts"}],"about":[{"href":"https:\/\/www.manifestacom.com\/es\/wp-json\/wp\/v2\/types\/post"}],"author":[{"embeddable":true,"href":"https:\/\/www.manifestacom.com\/es\/wp-json\/wp\/v2\/users\/1"}],"replies":[{"embeddable":true,"href":"https:\/\/www.manifestacom.com\/es\/wp-json\/wp\/v2\/comments?post=1370"}],"version-history":[{"count":1,"href":"https:\/\/www.manifestacom.com\/es\/wp-json\/wp\/v2\/posts\/1370\/revisions"}],"predecessor-version":[{"id":1805,"href":"https:\/\/www.manifestacom.com\/es\/wp-json\/wp\/v2\/posts\/1370\/revisions\/1805"}],"wp:featuredmedia":[{"embeddable":true,"href":"https:\/\/www.manifestacom.com\/es\/wp-json\/wp\/v2\/media\/821"}],"wp:attachment":[{"href":"https:\/\/www.manifestacom.com\/es\/wp-json\/wp\/v2\/media?parent=1370"}],"wp:term":[{"taxonomy":"category","embeddable":true,"href":"https:\/\/www.manifestacom.com\/es\/wp-json\/wp\/v2\/categories?post=1370"},{"taxonomy":"post_tag","embeddable":true,"href":"https:\/\/www.manifestacom.com\/es\/wp-json\/wp\/v2\/tags?post=1370"},{"taxonomy":"home_featured","embeddable":true,"href":"https:\/\/www.manifestacom.com\/es\/wp-json\/wp\/v2\/home_featured?post=1370"}],"curies":[{"name":"wp","href":"https:\/\/api.w.org\/{rel}","templated":true}]}}