{"id":1371,"date":"2012-03-27T03:02:57","date_gmt":"2012-03-27T03:02:57","guid":{"rendered":"http:\/\/www.manifestacom.com\/cataluna-tercer-pais-de-la-ue-en-excelencia-cientifica\/"},"modified":"2017-05-17T11:25:30","modified_gmt":"2017-05-17T11:25:30","slug":"cataluna-tercer-pais-de-la-ue-en-excelencia-cientifica","status":"publish","type":"post","link":"https:\/\/www.manifestacom.com\/es\/cataluna-tercer-pais-de-la-ue-en-excelencia-cientifica\/","title":{"rendered":"Catalu\u00f1a, tercer pa\u00eds de la UE en excelencia cient\u00edfica"},"content":{"rendered":"<p>El gobierno de Catalu\u00f1a impulsar\u00e1 durante esta legislatura una <a href=\"http:\/\/www.lavanguardia.com\/vida\/20120327\/54277994259\/catalunya-excelencia-cientifica.html\" target=\"_blank\">ley catalana de la ciencia<\/a> para consolidar la excelencia del sistema de investigaci\u00f3n catal\u00e1n. La futura ley pretende blindar la investigaci\u00f3n y desplegar las competencias estatuarias en esta materia para reforzar la autonom\u00eda de los centros y las estructuras de investigaci\u00f3n \u2013evitando que los gobiernos interfieran en la gesti\u00f3n de los centros cient\u00edficos\u2013, as\u00ed como garantizar la continuidad de la pol\u00edtica cient\u00edfica que ha hecho de Catalu\u00f1a uno de los polos de conocimiento m\u00e1s importantes del sur de Europa.<\/p>\n<p>Las cifras indican que en Catalu\u00f1a unas 42.500 personas trabajan en actividades de investigaci\u00f3n, desarrollo e innovaci\u00f3n, un porcentaje que representa el 1,5% de la poblaci\u00f3n ocupada y que, sin embargo, ha hecho posible que Catalu\u00f1a ocupe el tercer lugar en el ranking de excelencia cient\u00edfica de la Uni\u00f3n Europea, una clasificaci\u00f3n basada en el n\u00famero de proyectos de excelencia financiados por el Consejo Europeo de Investigaci\u00f3n teniendo en cuenta el n\u00famero de habitantes de cada pa\u00eds.<\/p>\n<p>Una ley de la ciencia en Catalu\u00f1a no es s\u00f3lo un paso adelante en nuestro modelo de investigaci\u00f3n sino tambi\u00e9n un compromiso con un modelo de crecimiento basado en una econom\u00eda del conocimiento. Estar considerado a nivel internacional como el tercer polo de la UE en excelencia cient\u00edfica traslada una imagen y una reputaci\u00f3n extraordinariamente positiva como pa\u00eds, como potencial emplazamiento donde invertir y buscar oportunidades de negocio. La percepci\u00f3n de las marcas Espa\u00f1a y Catalu\u00f1a ha estado demasiado marcada por la tradicional dependencia de sectores poco orientados a la investigaci\u00f3n, como la construcci\u00f3n o el turismo. Es imprescindible romper con esta asociaci\u00f3n y esta excelente noticia va en esta direcci\u00f3n.<\/p>\n","protected":false},"excerpt":{"rendered":"<p>El gobierno de Catalu\u00f1a impulsar\u00e1 durante esta legislatura una ley catalana de la ciencia para consolidar la excelencia del sistema de investigaci\u00f3n catal\u00e1n. La futura ley pretende blindar la investigaci\u00f3n y desplegar las competencias estatuarias en esta materia para reforzar la autonom\u00eda de los centros&#8230;<\/p>\n","protected":false},"author":1,"featured_media":0,"comment_status":"open","ping_status":"open","sticky":false,"template":"","format":"standard","meta":{"footnotes":""},"categories":[422],"tags":[98],"home_featured":[],"class_list":["post-1371","post","type-post","status-publish","format-standard","hentry","category-la-noticia-y-el-comentario","tag-economia"],"acf":[],"_links":{"self":[{"href":"https:\/\/www.manifestacom.com\/es\/wp-json\/wp\/v2\/posts\/1371","targetHints":{"allow":["GET"]}}],"collection":[{"href":"https:\/\/www.manifestacom.com\/es\/wp-json\/wp\/v2\/posts"}],"about":[{"href":"https:\/\/www.manifestacom.com\/es\/wp-json\/wp\/v2\/types\/post"}],"author":[{"embeddable":true,"href":"https:\/\/www.manifestacom.com\/es\/wp-json\/wp\/v2\/users\/1"}],"replies":[{"embeddable":true,"href":"https:\/\/www.manifestacom.com\/es\/wp-json\/wp\/v2\/comments?post=1371"}],"version-history":[{"count":1,"href":"https:\/\/www.manifestacom.com\/es\/wp-json\/wp\/v2\/posts\/1371\/revisions"}],"predecessor-version":[{"id":1970,"href":"https:\/\/www.manifestacom.com\/es\/wp-json\/wp\/v2\/posts\/1371\/revisions\/1970"}],"wp:attachment":[{"href":"https:\/\/www.manifestacom.com\/es\/wp-json\/wp\/v2\/media?parent=1371"}],"wp:term":[{"taxonomy":"category","embeddable":true,"href":"https:\/\/www.manifestacom.com\/es\/wp-json\/wp\/v2\/categories?post=1371"},{"taxonomy":"post_tag","embeddable":true,"href":"https:\/\/www.manifestacom.com\/es\/wp-json\/wp\/v2\/tags?post=1371"},{"taxonomy":"home_featured","embeddable":true,"href":"https:\/\/www.manifestacom.com\/es\/wp-json\/wp\/v2\/home_featured?post=1371"}],"curies":[{"name":"wp","href":"https:\/\/api.w.org\/{rel}","templated":true}]}}