{"id":1372,"date":"2015-01-09T13:03:39","date_gmt":"2015-01-09T13:03:39","guid":{"rendered":"http:\/\/www.manifestacom.com\/charlie-hebdo-proteged-el-humor\/"},"modified":"2017-05-12T09:07:53","modified_gmt":"2017-05-12T09:07:53","slug":"charlie-hebdo-proteged-el-humor","status":"publish","type":"post","link":"https:\/\/www.manifestacom.com\/es\/charlie-hebdo-proteged-el-humor\/","title":{"rendered":"Charlie Hebdo: Proteged el humor"},"content":{"rendered":"<p><a href=\"http:\/\/www.manifestacom.com\/wp-content\/uploads\/2015\/01\/charliehebdo11.jpg\"><img loading=\"lazy\" decoding=\"async\" class=\"alignleft\" title=\"charliehebdo1\" src=\"http:\/\/www.manifestacom.com\/wp-content\/uploads\/2015\/01\/charliehebdo11-421x580.jpg\" alt=\"\" width=\"152\" height=\"209\" \/><\/a>El terrible <a href=\"http:\/\/ca.wikipedia.org\/wiki\/Atemptat_a_la_seu_del_Charlie_Hebdo\" target=\"_blank\">atentado <\/a>del 7 de enero contra la redacci\u00f3n del semanario sat\u00edrico franc\u00e9s<em> Charlie Hebdo<\/em> en Par\u00eds, en el que han muerto ya 12 dibujantes, no es s\u00f3lo un ataque a la publicaci\u00f3n ni a las personas que la hac\u00edan posible. El semanario ha sido desde hace a\u00f1os la cabeza de turco ante el islamismo pol\u00edtico radical, que tolera mal el estilo irreverente de la prensa europea.<\/p>\n<p>Los l\u00edmites de la libertad de expresi\u00f3n es una cuesti\u00f3n delicada sobre la que no hay que dejar de reflexionar y debatir. Pero en todo caso, irreverente o no, pol\u00edticamente correcto o incorrecto, de buen o de mal gusto, el humor es una forma de expresi\u00f3n imprescindible en democracia y en cualquier convivencia sana, nunca\u00a0 a gusto de todos y a menudo motivo de ira para algunos. Por eso hay que hacer todo lo posible para protegerlo.<\/p>\n","protected":false},"excerpt":{"rendered":"<p>El terrible atentado del 7 de enero contra la redacci\u00f3n del semanario sat\u00edrico franc\u00e9s Charlie Hebdo en Par\u00eds, en el que han muerto ya 12 dibujantes, no es s\u00f3lo un ataque a la publicaci\u00f3n ni a las personas que la hac\u00edan posible. El semanario ha&#8230;<\/p>\n","protected":false},"author":1,"featured_media":825,"comment_status":"open","ping_status":"open","sticky":false,"template":"","format":"standard","meta":{"footnotes":""},"categories":[422],"tags":[127,128,129,130,63,65,75],"home_featured":[],"class_list":["post-1372","post","type-post","status-publish","format-standard","has-post-thumbnail","hentry","category-la-noticia-y-el-comentario","tag-humor","tag-jesuischarliehebdo","tag-llibertat-dexpressio","tag-premsa","tag-charlie-hebdo","tag-terrorisme","tag-periodisme"],"acf":[],"_links":{"self":[{"href":"https:\/\/www.manifestacom.com\/es\/wp-json\/wp\/v2\/posts\/1372","targetHints":{"allow":["GET"]}}],"collection":[{"href":"https:\/\/www.manifestacom.com\/es\/wp-json\/wp\/v2\/posts"}],"about":[{"href":"https:\/\/www.manifestacom.com\/es\/wp-json\/wp\/v2\/types\/post"}],"author":[{"embeddable":true,"href":"https:\/\/www.manifestacom.com\/es\/wp-json\/wp\/v2\/users\/1"}],"replies":[{"embeddable":true,"href":"https:\/\/www.manifestacom.com\/es\/wp-json\/wp\/v2\/comments?post=1372"}],"version-history":[{"count":1,"href":"https:\/\/www.manifestacom.com\/es\/wp-json\/wp\/v2\/posts\/1372\/revisions"}],"predecessor-version":[{"id":1931,"href":"https:\/\/www.manifestacom.com\/es\/wp-json\/wp\/v2\/posts\/1372\/revisions\/1931"}],"wp:featuredmedia":[{"embeddable":true,"href":"https:\/\/www.manifestacom.com\/es\/wp-json\/wp\/v2\/media\/825"}],"wp:attachment":[{"href":"https:\/\/www.manifestacom.com\/es\/wp-json\/wp\/v2\/media?parent=1372"}],"wp:term":[{"taxonomy":"category","embeddable":true,"href":"https:\/\/www.manifestacom.com\/es\/wp-json\/wp\/v2\/categories?post=1372"},{"taxonomy":"post_tag","embeddable":true,"href":"https:\/\/www.manifestacom.com\/es\/wp-json\/wp\/v2\/tags?post=1372"},{"taxonomy":"home_featured","embeddable":true,"href":"https:\/\/www.manifestacom.com\/es\/wp-json\/wp\/v2\/home_featured?post=1372"}],"curies":[{"name":"wp","href":"https:\/\/api.w.org\/{rel}","templated":true}]}}