{"id":1375,"date":"2013-11-08T01:22:28","date_gmt":"2013-11-08T01:22:28","guid":{"rendered":"http:\/\/www.manifestacom.com\/como-convertir-un-museo-en-un-relato-la-experiencia-del-thyssen140\/"},"modified":"2017-05-08T09:38:02","modified_gmt":"2017-05-08T09:38:02","slug":"como-convertir-un-museo-en-un-relato-la-experiencia-del-thyssen140","status":"publish","type":"post","link":"https:\/\/www.manifestacom.com\/es\/como-convertir-un-museo-en-un-relato-la-experiencia-del-thyssen140\/","title":{"rendered":"C\u00f3mo convertir un museo en un relato: la experiencia del #Thyssen140"},"content":{"rendered":"<p><a href=\"http:\/\/www.manifestacom.com\/2013\/11\/08\/com-convertir-un-museu-en-un-relat-lexperiencia-del-thyssen140\/artonline\/\" rel=\"attachment wp-att-2172\"><img loading=\"lazy\" decoding=\"async\" class=\"alignleft\" src=\"http:\/\/www.manifestacom.com\/wp-content\/uploads\/2013\/11\/ArtOnline.jpg\" alt=\"\" width=\"240\" height=\"180\" \/><\/a>\u00bfPara qu\u00e9 sirve Twitter? Puede no servir para nada, claro, y puede servir para casi todo. Cada d\u00eda surgen nuevas ideas, nuevos usos y formatos aplicados a las \u00e1reas m\u00e1s diversas, tambi\u00e9n a la comunicaci\u00f3n. En este caso, hablamos del mundo del arte. Hace unos meses, Guillermo Solana, director art\u00edstico del <a href=\"http:\/\/www.museothyssen.org\/en\/thyssen\/home\" target=\"_blank\">museo Thyssen<\/a>, se propuso un reto: contar la colecci\u00f3n permanente del museo a trav\u00e9s de la red social con la etiqueta <a href=\"https:\/\/twitter.com\/search?q=#Thyssen140&amp;src=typd\">#Thyssen140<\/a>. Tras el \u00e9xito obtenido y el <a href=\"http:\/\/blogs.elpais.com\/vidas-virales\/2013\/10\/tweet-awards-2013-presente-y-futuro-intuitivo-.html\" target=\"_blank\">premio <\/a>de los Tweet Awards, el <a href=\"http:\/\/tienda.museothyssen.org\/es\/publicaciones\/publicaciones-museo-thyssen-bornemisza\/thyssen140.html\" target=\"_blank\">libro <\/a><em>#Thyssen140<\/em> recoge en formato papel esta original experiencia digital.<\/p>\n<p>Fue precisamente uno de estos usos creativos de Twitter que brotan por todo el mundo, la idea del director de cine Steven Soderbergh de publicar un <a href=\"http:\/\/cinemania.es\/noticias-de-cine\/steven-soderbergh-tuitea-una-novela-de-espias\" target=\"_blank\">thriller por entregas<\/a> en la red, el que <a href=\"http:\/\/elasombrario.com\/guillermo-solana-publica-una-guia-del-museo-thyssen-en-308-tuits\/\" target=\"_blank\">inspir\u00f3 <\/a>el reto de Guillermo Solana. \u00bfPor qu\u00e9 no contar la historia de la arte en tweets? O hilando m\u00e1s fino: \u00bfpor qu\u00e9 no contar la colecci\u00f3n del museo que dirig\u00eda de una forma atractiva, como una historia, como un curso de arte? El reto divulgativo era claro: con mensajes cortos, concisos y amenos, deb\u00eda transmitir el relato escondido detr\u00e1s de la obra art\u00edstica sin perder de vista el criterio acad\u00e9mico.<\/p>\n<p>El experimento comenz\u00f3 el 7 de mayo de 2003, como no, con un <a href=\"https:\/\/twitter.com\/guillermosolana\/status\/331801139358081025\" target=\"_blank\">tuit<\/a>:<\/p>\n<blockquote><p>Comienza <a href=\"https:\/\/twitter.com\/search?q=%23Thyssen140&amp;src=hash\">#Thyssen140<\/a>, mi gu\u00eda esencial del <a href=\"https:\/\/twitter.com\/museothyssen\">@museothyssen<\/a>. A partir de aqu\u00ed,los tuits van numerados. Leedlos con cuidado, cada palabra cuenta<\/p>\n<p>\u2014 Guillermo Solana (@guillermosolana) <a href=\"https:\/\/twitter.com\/guillermosolana\/statuses\/331801139358081025\">May 7, 2013<\/a><\/p><\/blockquote>\n<p>\u00bfCu\u00e1nto esfuerzo requiere ofrecer un curso de arte en tuits? Solana confiesa en una <a href=\"http:\/\/elasombrario.com\/guillermo-solana-publica-una-guia-del-museo-thyssen-en-308-tuits\/\" target=\"_blank\">entrevista <\/a>con <a href=\"http:\/\/elasombrario.com\/author\/manuel-cuellar\/\" target=\"_blank\">Manuel Cu\u00e9llar<\/a> en la revista <em>El Asombrario<\/em>: \u201cMe ha llevado tanto trabajo que me da verg\u00fcenza hasta contarlo\u201d. Y explica el periodista: \u201cNormalmente escrib\u00eda la lecci\u00f3n del d\u00eda por las ma\u00f1anas, contrastando y verificando hasta la \u00faltima palabra e informaci\u00f3n que m\u00e1s tarde lanzar\u00eda a la red social. Y condens\u00e1ndola, claro. Tambi\u00e9n se descarg\u00f3, comprimi\u00f3 y recort\u00f3 todas y cada una de las im\u00e1genes que aparecen en esos tuits y ahora en el libro\u201d.<\/p>\n<p>El curso dur\u00f3 11 d\u00edas (con lecciones diarias cada tarde a las 18 horas, de lunes a viernes) y se sald\u00f3 con 308 tuits (recopilados por Solana en <a href=\"http:\/\/storify.com\/guillermosolana\/thyssen140-por-guillermo-solana-2\" target=\"_blank\">Storify <\/a>ya <a href=\"http:\/\/www.pinterest.com\/museothyssen\/thyssen-140\/\" target=\"_blank\">Pinterest<\/a>), y el gozo de haber convertido la etiqueta # Thyssen140 tema del momento o <em>trending topic<\/em>. Hace pocas semanas, los <a href=\"http:\/\/tweetsawards.com\/\" target=\"_blank\">Tweets Awards 2013<\/a> <a href=\"http:\/\/blogs.elpais.com\/vidas-virales\/2013\/10\/tweet-awards-2013-presente-y-futuro-intuitivo-.html\" target=\"_blank\">premiaron <\/a>la iniciativa en la categor\u00eda #TweetCultural. Un reconocimiento que, seg\u00fan el proyecto <a href=\"http:\/\/smreputationmetrics.wordpress.com\/metodo-smca-mri\/\" target=\"_blank\">Reputation Metrics<\/a> de la Universidad de Navarra, <a href=\"http:\/\/smreputationmetrics.wordpress.com\/2013\/10\/08\/los-ganadores-de-los-taw2013-tweet-awards-2013-por-visibilidad-inducida-de-los-premios\/\" target=\"_blank\">dispar\u00f3 la visibilidad<\/a> de Guillermo Solana como voz del museo en la red.<\/p>\n<p>Cualquier iniciativa en Twitter, sin embargo, es necesariamente ef\u00edmera. Por eso, y para hacerla llegar a m\u00e1s gente, el museo ha publicado el <a href=\"http:\/\/tienda.museothyssen.org\/es\/publicaciones\/publicaciones-museo-thyssen-bornemisza\/thyssen140.html\" target=\"_blank\">libro <\/a><em>#Thyssen140<\/em>, que recoge esta original experiencia divulgadora en una edici\u00f3n biling\u00fce (castellano e ingl\u00e9s). El resultado en papel es una especie de gu\u00eda r\u00e1pida del museo, la versi\u00f3n editada del curso de arte en l\u00ednea, ilustrada con 195 im\u00e1genes grandes y a color de las obras de la colecci\u00f3n, algunas comparadas con obras de otros colecciones.<\/p>\n<p>Solana, junto con el equipo de comunicaci\u00f3n del museo, trabaja para desarrollar la estrategia digital del museo. Como explica en la <a href=\"http:\/\/elasombrario.com\/guillermo-solana-publica-una-guia-del-museo-thyssen-en-308-tuits\/\" target=\"_blank\">entrevista<\/a> publicada en El Asombrario, aparte de la colecci\u00f3n permanente tambi\u00e9n se ha <a href=\"http:\/\/www.ritmosxxi.com\/guillermo-solana-dedicara-coleccion-carmen-thyssen-nuevas-clases-9630.htm\" target=\"_blank\">twitteado <\/a>la colecci\u00f3n de Carmen Thyssen (pod\u00e9is ver los tuits en <a href=\"http:\/\/storify.com\/guillermosolana\/carmenthyssen-por-guillermosolana-1\" target=\"_blank\">Storify<\/a>). Esta segunda experiencia del curso virtual de arte se complement\u00f3 con <a href=\"http:\/\/storify.com\/guillermosolana\/carmenthyssen-por-guillermosolana-1\" target=\"_blank\">entrevistas <\/a>participativas en directo con la baronesa a trav\u00e9s de la misma red social. Otras acciones de comunicaci\u00f3n digital incluyen la <a href=\"http:\/\/cultura.elpais.com\/cultura\/2013\/05\/31\/actualidad\/1370004252_900593.html\" target=\"_blank\">retransmisi\u00f3n v\u00eda Twitter<\/a> del montaje de exposiciones, como la que se hizo la pasada primavera para la muestra de <a href=\"https:\/\/twitter.com\/search?q=#Pissarro&amp;src=hash\" target=\"_blank\">Pissarro<\/a>. En este caso, Solana explic\u00f3 paso por paso c\u00f3mo se montaba la exposici\u00f3n, con im\u00e1genes y 140 caracteres que narraban el proceso y la historia de los cuadros de la muestra.<\/p>\n","protected":false},"excerpt":{"rendered":"<p>\u00bfPara qu\u00e9 sirve Twitter? Puede no servir para nada, claro, y puede servir para casi todo. Cada d\u00eda surgen nuevas ideas, nuevos usos y formatos aplicados a las \u00e1reas m\u00e1s diversas, tambi\u00e9n a la comunicaci\u00f3n. En este caso, hablamos del mundo del arte. Hace unos&#8230;<\/p>\n","protected":false},"author":1,"featured_media":834,"comment_status":"open","ping_status":"open","sticky":false,"template":"","format":"standard","meta":{"footnotes":""},"categories":[421],"tags":[142,138,139,140,141,60],"home_featured":[],"class_list":["post-1375","post","type-post","status-publish","format-standard","has-post-thumbnail","hentry","category-el-post-es","tag-museo-thyssen-bornemisza","tag-art","tag-comunicacio-3-0","tag-guillermo-solana","tag-museo","tag-twitter"],"acf":[],"_links":{"self":[{"href":"https:\/\/www.manifestacom.com\/es\/wp-json\/wp\/v2\/posts\/1375","targetHints":{"allow":["GET"]}}],"collection":[{"href":"https:\/\/www.manifestacom.com\/es\/wp-json\/wp\/v2\/posts"}],"about":[{"href":"https:\/\/www.manifestacom.com\/es\/wp-json\/wp\/v2\/types\/post"}],"author":[{"embeddable":true,"href":"https:\/\/www.manifestacom.com\/es\/wp-json\/wp\/v2\/users\/1"}],"replies":[{"embeddable":true,"href":"https:\/\/www.manifestacom.com\/es\/wp-json\/wp\/v2\/comments?post=1375"}],"version-history":[{"count":1,"href":"https:\/\/www.manifestacom.com\/es\/wp-json\/wp\/v2\/posts\/1375\/revisions"}],"predecessor-version":[{"id":1664,"href":"https:\/\/www.manifestacom.com\/es\/wp-json\/wp\/v2\/posts\/1375\/revisions\/1664"}],"wp:featuredmedia":[{"embeddable":true,"href":"https:\/\/www.manifestacom.com\/es\/wp-json\/wp\/v2\/media\/834"}],"wp:attachment":[{"href":"https:\/\/www.manifestacom.com\/es\/wp-json\/wp\/v2\/media?parent=1375"}],"wp:term":[{"taxonomy":"category","embeddable":true,"href":"https:\/\/www.manifestacom.com\/es\/wp-json\/wp\/v2\/categories?post=1375"},{"taxonomy":"post_tag","embeddable":true,"href":"https:\/\/www.manifestacom.com\/es\/wp-json\/wp\/v2\/tags?post=1375"},{"taxonomy":"home_featured","embeddable":true,"href":"https:\/\/www.manifestacom.com\/es\/wp-json\/wp\/v2\/home_featured?post=1375"}],"curies":[{"name":"wp","href":"https:\/\/api.w.org\/{rel}","templated":true}]}}