{"id":1376,"date":"2015-03-11T07:36:21","date_gmt":"2015-03-11T07:36:21","guid":{"rendered":"http:\/\/www.manifestacom.com\/comforsa-abre-una-oficina-comercial-en-japon\/"},"modified":"2017-05-16T18:52:32","modified_gmt":"2017-05-16T18:52:32","slug":"comforsa-abre-una-oficina-comercial-en-japon","status":"publish","type":"post","link":"https:\/\/www.manifestacom.com\/es\/comforsa-abre-una-oficina-comercial-en-japon\/","title":{"rendered":"Comforsa abre una oficina comercial en Jap\u00f3n"},"content":{"rendered":"<div id=\"attachment_2771\" class=\"wp-caption aligncenter\" style=\"width: 590px;\"><a href=\"http:\/\/www.manifestacom.com\/wp-content\/uploads\/2015\/03\/Jap\u00f3.gif\"><img loading=\"lazy\" decoding=\"async\" class=\"size-medium wp-image-2771\" title=\"Sr. Keijiro Aso, Area Manager de Comforsa al Jap\u00f3, i Eduard Jaklitsch, Director General de Comforsa\" src=\"http:\/\/www.manifestacom.com\/wp-content\/uploads\/2015\/03\/Jap\u00f3-580x435.gif\" alt=\"Sr. Keijiro Aso, Area Manager de Comforsa al Jap\u00f3, i Eduard Jaklitsch, Director General de Comforsa\" width=\"580\" height=\"435\" \/><\/a><\/p>\n<p class=\"wp-caption-text\">Sr. Keijiro Aso, Area Manager de Comforsa en Jap\u00f3n, y Eduard Jaklitsch, Director General de Comforsa.<\/p>\n<\/div>\n<p><a title=\"Comforsa\" href=\"http:\/\/www.comforsa.com\/es\/\" target=\"_blank\">Comforsa<\/a> ha abierto su primera oficina comercial en el extranjero y lo ha hecho en Jap\u00f3n, uno de los mercados con m\u00e1s alto potencial de crecimiento para sus productos de forja avanzada. La implantaci\u00f3n de esta oficina, localizada en Tokio, ha contado con el apoyo de <a title=\"ACCI\u00d3\" href=\"http:\/\/accio.gencat.cat\/cat\/\" target=\"_blank\">ACCI\u00d3<\/a>, la agencia para la competitividad de la empresa de la Generalitat de Catalunya.<\/p>\n<p>Desde esta nueva localizaci\u00f3n, Comforsa cubrir\u00e1 su actividad comercial en el mercado asi\u00e1tico con el objetivo de incrementar la cuota de penetraci\u00f3n de sus productos de forja en los mercados japon\u00e9s y coreano y, a medio plazo, expandir la actividad a mercados emergentes en su sector, como son China e Indonesia.<\/p>\n<p>Eduard Jaklistch, director general de Comforsa, considera que \u201cel trabajo que se ha llevado a cabo estos \u00faltimos a\u00f1os para mejorar la competitividad y los est\u00e1ndares de calidad ha sido clave para mejorar la penetraci\u00f3n de nuestros productos en los mercados asi\u00e1ticos, especialmente en los m\u00e1s avanzados como Jap\u00f3n o Corea\u201d.<\/p>\n<p>Comforsa, con sede en Campdev\u00e0nol, cuenta con un total de aproximadamente 400 trabajadores, siendo la empresa\u00a0 m\u00e1s importante del Ripoll\u00e8s en cuanto a puestos de trabajo directos e indirectos. La organizaci\u00f3n ha cerrado el ejercicio de 2014 con una facturaci\u00f3n de 69,4 millones de euros, registrando 3,4 en el mercado japon\u00e9s, en el que prev\u00e9 llegar a los 3,6 millones este a\u00f1o.<\/p>\n","protected":false},"excerpt":{"rendered":"<p>Sr. Keijiro Aso, Area Manager de Comforsa en Jap\u00f3n, y Eduard Jaklitsch, Director General de Comforsa. Comforsa ha abierto su primera oficina comercial en el extranjero y lo ha hecho en Jap\u00f3n, uno de los mercados con m\u00e1s alto potencial de crecimiento para sus productos&#8230;<\/p>\n","protected":false},"author":1,"featured_media":837,"comment_status":"open","ping_status":"open","sticky":false,"template":"","format":"standard","meta":{"footnotes":""},"categories":[423],"tags":[143,144,145,146,147,148,149,150,151,152],"home_featured":[],"class_list":["post-1376","post","type-post","status-publish","format-standard","has-post-thumbnail","hentry","category-nuestros-clientes","tag-accio","tag-comforsa","tag-eduard-jaklistch","tag-forja-avancada","tag-forja-avanzada","tag-japo","tag-japon","tag-mercado-asiatico","tag-mercat-asiatic","tag-oficina-comercial"],"acf":[],"_links":{"self":[{"href":"https:\/\/www.manifestacom.com\/es\/wp-json\/wp\/v2\/posts\/1376","targetHints":{"allow":["GET"]}}],"collection":[{"href":"https:\/\/www.manifestacom.com\/es\/wp-json\/wp\/v2\/posts"}],"about":[{"href":"https:\/\/www.manifestacom.com\/es\/wp-json\/wp\/v2\/types\/post"}],"author":[{"embeddable":true,"href":"https:\/\/www.manifestacom.com\/es\/wp-json\/wp\/v2\/users\/1"}],"replies":[{"embeddable":true,"href":"https:\/\/www.manifestacom.com\/es\/wp-json\/wp\/v2\/comments?post=1376"}],"version-history":[{"count":1,"href":"https:\/\/www.manifestacom.com\/es\/wp-json\/wp\/v2\/posts\/1376\/revisions"}],"predecessor-version":[{"id":1946,"href":"https:\/\/www.manifestacom.com\/es\/wp-json\/wp\/v2\/posts\/1376\/revisions\/1946"}],"wp:featuredmedia":[{"embeddable":true,"href":"https:\/\/www.manifestacom.com\/es\/wp-json\/wp\/v2\/media\/837"}],"wp:attachment":[{"href":"https:\/\/www.manifestacom.com\/es\/wp-json\/wp\/v2\/media?parent=1376"}],"wp:term":[{"taxonomy":"category","embeddable":true,"href":"https:\/\/www.manifestacom.com\/es\/wp-json\/wp\/v2\/categories?post=1376"},{"taxonomy":"post_tag","embeddable":true,"href":"https:\/\/www.manifestacom.com\/es\/wp-json\/wp\/v2\/tags?post=1376"},{"taxonomy":"home_featured","embeddable":true,"href":"https:\/\/www.manifestacom.com\/es\/wp-json\/wp\/v2\/home_featured?post=1376"}],"curies":[{"name":"wp","href":"https:\/\/api.w.org\/{rel}","templated":true}]}}