{"id":1381,"date":"2016-07-11T08:32:53","date_gmt":"2016-07-11T08:32:53","guid":{"rendered":"http:\/\/www.manifestacom.com\/comunicar-una-ciudad-la-labor-de-los-cronistas-de-barcelona\/"},"modified":"2017-06-14T20:17:54","modified_gmt":"2017-06-14T20:17:54","slug":"comunicar-una-ciudad-la-labor-de-los-cronistas-de-barcelona","status":"publish","type":"post","link":"https:\/\/www.manifestacom.com\/es\/comunicar-una-ciudad-la-labor-de-los-cronistas-de-barcelona\/","title":{"rendered":"Comunicar una ciudad, la labor de los cronistas de Barcelona"},"content":{"rendered":"<div class=\"wp-caption aligncenter\" style=\"width: 260px;\">\n<p><a href=\"http:\/\/www.manifestacom.com\/wp-content\/uploads\/2016\/07\/sempronio.jpg\"><img loading=\"lazy\" decoding=\"async\" title=\"sempronio\" src=\"http:\/\/www.manifestacom.com\/wp-content\/uploads\/2016\/07\/sempronio.jpg\" alt=\"\" width=\"250\" height=\"168\" \/><\/a><\/p>\n<p class=\"wp-caption-text\">Fotograf\u00eda de Ana Boy\u00e9 para la revista Barcelona Metr\u00f3polis<\/p>\n<\/div>\n<p>Josep Maria Huertas, Llu\u00eds Permanyer, Jaume Fabre, Josep Mart\u00ed G\u00f3mez, Maria Fav\u00e0\u2026 A Barcelona no le han faltado, ni hoy ni nunca, los cronistas, escritores y periodistas dedicados en cuerpo y alma a descubrir, explicar y debatir la ciudad. Pero cronista oficial, como explica<a href=\"http:\/\/www.lavanguardia.com\/local\/barcelona\/20160702\/402903348157\/sempronio-ultimo-cronista-oficial-de-barcelona.html\" target=\"_blank\"> La Vanguardia<\/a>, ya hace una d\u00e9cada que no tenemos. Ahora hace diez a\u00f1os que muri\u00f3 el \u00faltimo cronista oficial de Barcelona, el periodista y escritor Andreu Avel\u00b7l\u00ed Art\u00eds y Tom\u00e1s, alias \u2018Sempronio\u2019.<\/p>\n<p>Simb\u00f3lico y sin remuneraci\u00f3n, el t\u00edtulo de \u201ccronista de Barcelona\u201d, estrenado por V\u00edctor Balaguer en 1853, permanece hoy como una reminiscencia (rom\u00e1ntica, si se quiere) del pasado: todav\u00eda existe, pero ya nadie lo quiere. Permanyer lo rechaz\u00f3 porque \u201cla gente podr\u00eda pensar que pasas a tener sueldo del Ayuntamiento\u201d, y le sigui\u00f3 Huertas. El prestigio del cronista \u201coficial\u201d se ha desvanecido. \u201cYo ya soy cronista, serlo oficialmente de la ciudad no me interesa\u201d, dijo Permanyer, seg\u00fan recoge La Vanguardia. Quiz\u00e1s tambi\u00e9n influye que en Barcelona, a diferencia de otras ciudades, el t\u00edtulo es meramente honor\u00edfico y no implica ninguna tarea.<\/p>\n<p>Sin embargo, no fue siempre as\u00ed. A finales del siglo XIX y principios del XX, el t\u00edtulo gozaba de buena salud: el cronista, bien reconocido, ten\u00eda la tarea de escribir cada cinco a\u00f1os los acontecimientos m\u00e1s destacados de la ciudad, y gozaba del privilegio de poder asistir a todos los actos del ayuntamiento. Con el revuelo pol\u00edtico del primer tercio del siglo pasado, el t\u00edtulo decay\u00f3, y no fue hasta los a\u00f1os 50 que la cr\u00f3nica urbana y social se recuper\u00f3 y populariz\u00f3. Como se ha dicho en ocasiones, como no se pod\u00eda hacer catalanismo, se hac\u00eda barcelonismo. No deja de ser curioso que fuera con el pol\u00e9mico alcalde franquista Jos\u00e9 Mar\u00eda de Porcioles que volviera el t\u00edtulo de cronista de la ciudad.<\/p>\n<p>A Sempronio el t\u00edtulo que llevaba no le impidi\u00f3 escribir todo lo que le dio la gana. Periodista vocacional, autor de teatro, pintor y tertuliano en el Ateneo, Sempronio fue tambi\u00e9n el primer director de Tele\/eXpr\u00e9s i de Tele\/estel, el primer semanario en catal\u00e1n, y director de Mare Nostrum en TVE. Durante casi cuatro d\u00e9cadas escribi\u00f3 un art\u00edculo diario sobre Barcelona, y un buen n\u00famero de libros con el nombre de la ciudad en el t\u00edtulo. El \u00faltimo cronista de Barcelona dej\u00f3 el list\u00f3n bien alto, aunque habr\u00eda hecho exactamente lo mismo sin el cargo.<\/p>\n<p>En el art\u00edculo de La Vanguardia \u201c<a href=\"http:\/\/www.lavanguardia.com\/hemeroteca\/20160702\/402682493966\/andreu-avelli-artis-sempronio-periodistas-la-vanguardia-barcelona.html\" target=\"_blank\">Andreu Avel\u00b7l\u00ed Art\u00eds, \u2018Sempronio\u2019, cronista de pluma y pincel<\/a>\u201d se pueden consultar las columnas que escribi\u00f3 para el diario de 1976 a 1995.<\/p>\n","protected":false},"excerpt":{"rendered":"<p>Fotograf\u00eda de Ana Boy\u00e9 para la revista Barcelona Metr\u00f3polis Josep Maria Huertas, Llu\u00eds Permanyer, Jaume Fabre, Josep Mart\u00ed G\u00f3mez, Maria Fav\u00e0\u2026 A Barcelona no le han faltado, ni hoy ni nunca, los cronistas, escritores y periodistas dedicados en cuerpo y alma a descubrir, explicar y&#8230;<\/p>\n","protected":false},"author":1,"featured_media":852,"comment_status":"open","ping_status":"open","sticky":false,"template":"","format":"standard","meta":{"footnotes":""},"categories":[421],"tags":[161,112],"home_featured":[],"class_list":["post-1381","post","type-post","status-publish","format-standard","has-post-thumbnail","hentry","category-el-post-es","tag-ciutat","tag-comunicacio-publica"],"acf":[],"_links":{"self":[{"href":"https:\/\/www.manifestacom.com\/es\/wp-json\/wp\/v2\/posts\/1381","targetHints":{"allow":["GET"]}}],"collection":[{"href":"https:\/\/www.manifestacom.com\/es\/wp-json\/wp\/v2\/posts"}],"about":[{"href":"https:\/\/www.manifestacom.com\/es\/wp-json\/wp\/v2\/types\/post"}],"author":[{"embeddable":true,"href":"https:\/\/www.manifestacom.com\/es\/wp-json\/wp\/v2\/users\/1"}],"replies":[{"embeddable":true,"href":"https:\/\/www.manifestacom.com\/es\/wp-json\/wp\/v2\/comments?post=1381"}],"version-history":[{"count":2,"href":"https:\/\/www.manifestacom.com\/es\/wp-json\/wp\/v2\/posts\/1381\/revisions"}],"predecessor-version":[{"id":1684,"href":"https:\/\/www.manifestacom.com\/es\/wp-json\/wp\/v2\/posts\/1381\/revisions\/1684"}],"wp:featuredmedia":[{"embeddable":true,"href":"https:\/\/www.manifestacom.com\/es\/wp-json\/wp\/v2\/media\/852"}],"wp:attachment":[{"href":"https:\/\/www.manifestacom.com\/es\/wp-json\/wp\/v2\/media?parent=1381"}],"wp:term":[{"taxonomy":"category","embeddable":true,"href":"https:\/\/www.manifestacom.com\/es\/wp-json\/wp\/v2\/categories?post=1381"},{"taxonomy":"post_tag","embeddable":true,"href":"https:\/\/www.manifestacom.com\/es\/wp-json\/wp\/v2\/tags?post=1381"},{"taxonomy":"home_featured","embeddable":true,"href":"https:\/\/www.manifestacom.com\/es\/wp-json\/wp\/v2\/home_featured?post=1381"}],"curies":[{"name":"wp","href":"https:\/\/api.w.org\/{rel}","templated":true}]}}