{"id":1382,"date":"2014-12-03T10:54:48","date_gmt":"2014-12-03T10:54:48","guid":{"rendered":"http:\/\/www.manifestacom.com\/congreso-internacional-de-cultura-digital-comunicacion-y-sociedad\/"},"modified":"2017-05-11T11:37:12","modified_gmt":"2017-05-11T11:37:12","slug":"congreso-internacional-de-cultura-digital-comunicacion-y-sociedad","status":"publish","type":"post","link":"https:\/\/www.manifestacom.com\/es\/congreso-internacional-de-cultura-digital-comunicacion-y-sociedad\/","title":{"rendered":"Congreso internacional de cultura digital, comunicaci\u00f3n y sociedad"},"content":{"rendered":"<p><a href=\"http:\/\/www.manifestacom.com\/wp-content\/uploads\/2015\/01\/congres-2.jpg\"><img loading=\"lazy\" decoding=\"async\" class=\"aligncenter size-medium wp-image-2692\" title=\"congres (2)\" src=\"http:\/\/www.manifestacom.com\/wp-content\/uploads\/2015\/01\/congres-2-580x312.jpg\" alt=\"\" width=\"580\" height=\"312\" \/><\/a><\/p>\n<p>\u201cReflexionar sobre el pasado para comprender el presente y mirar hacia el futuro\u201d. Con este eslogan se presenta el<a href=\"http:\/\/www.congresoculturadigital.es\/\" target=\"_blank\"> Congreso Internacional \u201cCultura digital, comunicaci\u00f3n y sociedad<\/a>\u201d que el grupo de investigaci\u00f3n Cyberspace Working Group de la Facultad de Comunicaci\u00f3n de la Universidad San Jorge de Zaragoza prepara para los d\u00edas 16 y 17 de marzo de 2015.<\/p>\n<p>Cotidianidad digital, demandas de los usuarios, creatividad, educomunicaci\u00f3n, patrimonio hist\u00f3rico y archivos\u2026 El congreso reunir\u00e1 acad\u00e9micos y profesionales para analizar y debatir sobre los escenarios presentes y futuros de la comunicaci\u00f3n digital en diferentes sectores clave para la evoluci\u00f3n de las sociedades modernas.<\/p>\n<p>Las l\u00edneas de debate ser\u00e1n: 1) Modelos de comunicaci\u00f3n en entornos digitales y online; 2) \u00e9tica, comunicaci\u00f3n, cultura y espacio p\u00fablico en la cibersociedad; 3) creatividad y nuevas tendencias digitales; 4) educomunicaci\u00f3n; 5) patrimonio hist\u00f3rico y archivo.<\/p>\n","protected":false},"excerpt":{"rendered":"<p>\u201cReflexionar sobre el pasado para comprender el presente y mirar hacia el futuro\u201d. Con este eslogan se presenta el Congreso Internacional \u201cCultura digital, comunicaci\u00f3n y sociedad\u201d que el grupo de investigaci\u00f3n Cyberspace Working Group de la Facultad de Comunicaci\u00f3n de la Universidad San Jorge de&#8230;<\/p>\n","protected":false},"author":1,"featured_media":855,"comment_status":"open","ping_status":"open","sticky":false,"template":"","format":"standard","meta":{"footnotes":""},"categories":[422],"tags":[443,162,66],"home_featured":[],"class_list":["post-1382","post","type-post","status-publish","format-standard","has-post-thumbnail","hentry","category-la-noticia-y-el-comentario","tag-xarxes-socials-es","tag-conunicacio-digital","tag-comunicacio"],"acf":[],"_links":{"self":[{"href":"https:\/\/www.manifestacom.com\/es\/wp-json\/wp\/v2\/posts\/1382","targetHints":{"allow":["GET"]}}],"collection":[{"href":"https:\/\/www.manifestacom.com\/es\/wp-json\/wp\/v2\/posts"}],"about":[{"href":"https:\/\/www.manifestacom.com\/es\/wp-json\/wp\/v2\/types\/post"}],"author":[{"embeddable":true,"href":"https:\/\/www.manifestacom.com\/es\/wp-json\/wp\/v2\/users\/1"}],"replies":[{"embeddable":true,"href":"https:\/\/www.manifestacom.com\/es\/wp-json\/wp\/v2\/comments?post=1382"}],"version-history":[{"count":1,"href":"https:\/\/www.manifestacom.com\/es\/wp-json\/wp\/v2\/posts\/1382\/revisions"}],"predecessor-version":[{"id":1887,"href":"https:\/\/www.manifestacom.com\/es\/wp-json\/wp\/v2\/posts\/1382\/revisions\/1887"}],"wp:featuredmedia":[{"embeddable":true,"href":"https:\/\/www.manifestacom.com\/es\/wp-json\/wp\/v2\/media\/855"}],"wp:attachment":[{"href":"https:\/\/www.manifestacom.com\/es\/wp-json\/wp\/v2\/media?parent=1382"}],"wp:term":[{"taxonomy":"category","embeddable":true,"href":"https:\/\/www.manifestacom.com\/es\/wp-json\/wp\/v2\/categories?post=1382"},{"taxonomy":"post_tag","embeddable":true,"href":"https:\/\/www.manifestacom.com\/es\/wp-json\/wp\/v2\/tags?post=1382"},{"taxonomy":"home_featured","embeddable":true,"href":"https:\/\/www.manifestacom.com\/es\/wp-json\/wp\/v2\/home_featured?post=1382"}],"curies":[{"name":"wp","href":"https:\/\/api.w.org\/{rel}","templated":true}]}}