{"id":1383,"date":"2012-02-10T22:53:34","date_gmt":"2012-02-10T22:53:34","guid":{"rendered":"http:\/\/www.manifestacom.com\/convocada-una-huelga-de-metro-y-bus-durante-el-congreso-de-los-moviles\/"},"modified":"2017-05-06T12:26:44","modified_gmt":"2017-05-06T12:26:44","slug":"convocada-una-huelga-de-metro-y-bus-durante-el-congreso-de-los-moviles","status":"publish","type":"post","link":"https:\/\/www.manifestacom.com\/es\/convocada-una-huelga-de-metro-y-bus-durante-el-congreso-de-los-moviles\/","title":{"rendered":"Convocada una huelga de metro y bus durante el congreso de los m\u00f3viles"},"content":{"rendered":"<p>El anuncio de <a href=\"http:\/\/www.lavanguardia.com\/vida\/20120208\/54251848685\/convocada-una-huelga-de-metro-y-bus-durante-el-congreso-de-moviles.html\" target=\"_blank\">convocatoria de huelga<\/a> por parte de los trabajadores de Transportes Metropolitanos de Barcelona (TMB) \u2013coincidiendo con la celebraci\u00f3n del Congreso Mundial de M\u00f3viles los d\u00edas 27, 28, 29 de febrero y 1 de marzo\u2013 ha generado todo tipo de reacciones desde el mundo pol\u00edtico, el sector empresarial o el gremio hotelero, por citar s\u00f3lo algunas.<\/p>\n<p>A pesar de la legitimidad de los trabajadores de ejercer su derecho a vaga y la aprobaci\u00f3n en asamblea de esta decisi\u00f3n, alguien deber\u00eda traer sensatez y responsabilidad a acciones que pueden causar un grave perjuicio a la imagen y economia de la ciudad, expuesta en esas fechas a la atenta mirada del mundo TIC internacional.<\/p>\n<p>La concesi\u00f3n a Barcelona de la organizaci\u00f3n del <a href=\"http:\/\/www.mobileworldcongress.com\/\" target=\"_blank\">Mobile World Congress<\/a> hasta 2018 supuso una intensa negociaci\u00f3n con desenlace feliz. La \u00faltima edici\u00f3n del evento gener\u00f3 un impacto econ\u00f3mico para la ciudad de 225 millones de euros, una cifra que la capitalidad de la feria multiplicar\u00e1 de modo significativo.<\/p>\n<p>Esta cita ha situado a Barcelona en el mapa mundial de las TIC y ser\u00eda bueno que el ejercicio de un derecho como es el de la vaga no acabara coloc\u00e1ndola en el mapa de lugares no aptos para grandes eventos internacionales.<\/p>\n","protected":false},"excerpt":{"rendered":"<p>El anuncio de convocatoria de huelga por parte de los trabajadores de Transportes Metropolitanos de Barcelona (TMB) \u2013coincidiendo con la celebraci\u00f3n del Congreso Mundial de M\u00f3viles los d\u00edas 27, 28, 29 de febrero y 1 de marzo\u2013 ha generado todo tipo de reacciones desde el&#8230;<\/p>\n","protected":false},"author":1,"featured_media":0,"comment_status":"open","ping_status":"open","sticky":false,"template":"","format":"standard","meta":{"footnotes":""},"categories":[422],"tags":[],"home_featured":[],"class_list":["post-1383","post","type-post","status-publish","format-standard","hentry","category-la-noticia-y-el-comentario"],"acf":[],"_links":{"self":[{"href":"https:\/\/www.manifestacom.com\/es\/wp-json\/wp\/v2\/posts\/1383","targetHints":{"allow":["GET"]}}],"collection":[{"href":"https:\/\/www.manifestacom.com\/es\/wp-json\/wp\/v2\/posts"}],"about":[{"href":"https:\/\/www.manifestacom.com\/es\/wp-json\/wp\/v2\/types\/post"}],"author":[{"embeddable":true,"href":"https:\/\/www.manifestacom.com\/es\/wp-json\/wp\/v2\/users\/1"}],"replies":[{"embeddable":true,"href":"https:\/\/www.manifestacom.com\/es\/wp-json\/wp\/v2\/comments?post=1383"}],"version-history":[{"count":1,"href":"https:\/\/www.manifestacom.com\/es\/wp-json\/wp\/v2\/posts\/1383\/revisions"}],"predecessor-version":[{"id":1623,"href":"https:\/\/www.manifestacom.com\/es\/wp-json\/wp\/v2\/posts\/1383\/revisions\/1623"}],"wp:attachment":[{"href":"https:\/\/www.manifestacom.com\/es\/wp-json\/wp\/v2\/media?parent=1383"}],"wp:term":[{"taxonomy":"category","embeddable":true,"href":"https:\/\/www.manifestacom.com\/es\/wp-json\/wp\/v2\/categories?post=1383"},{"taxonomy":"post_tag","embeddable":true,"href":"https:\/\/www.manifestacom.com\/es\/wp-json\/wp\/v2\/tags?post=1383"},{"taxonomy":"home_featured","embeddable":true,"href":"https:\/\/www.manifestacom.com\/es\/wp-json\/wp\/v2\/home_featured?post=1383"}],"curies":[{"name":"wp","href":"https:\/\/api.w.org\/{rel}","templated":true}]}}