{"id":1385,"date":"2013-05-13T00:42:13","date_gmt":"2013-05-13T00:42:13","guid":{"rendered":"http:\/\/www.manifestacom.com\/declarar-y-desdeclarar-mariscal-se-disculpa\/"},"modified":"2017-05-08T11:27:07","modified_gmt":"2017-05-08T11:27:07","slug":"declarar-y-desdeclarar-mariscal-se-disculpa","status":"publish","type":"post","link":"https:\/\/www.manifestacom.com\/es\/declarar-y-desdeclarar-mariscal-se-disculpa\/","title":{"rendered":"Declarar y \u201cdesdeclarar\u201d: Mariscal se disculpa"},"content":{"rendered":"<p style=\"text-align: center;\"><a href=\"http:\/\/www.manifestacom.com\/2013\/05\/13\/declarar-i-desdeclarar-mariscal-es-disculpa\/javier-mariscal-28892-xl-2\/\" rel=\"attachment wp-att-1787\"><img loading=\"lazy\" decoding=\"async\" class=\"aligncenter size-large wp-image-1787\" title=\"Javier-Mariscal-28892.XL\" src=\"http:\/\/www.manifestacom.com\/wp-content\/uploads\/2013\/05\/Javier-Mariscal-28892.XL_1-1024x682.jpg\" alt=\"\" width=\"1024\" height=\"682\" \/><\/a><a href=\"http:\/\/www.manifestacom.com\/2013\/05\/13\/declarar-i-desdeclarar-mariscal-es-disculpa\/javier-mariscal-56748-xl\/\" rel=\"attachment wp-att-1784\"><br \/>\n<\/a><\/p>\n<p>\u00daltimamente se nos hace extra\u00f1o el d\u00eda en que no tenemos un caso de \u201cdeclaraciones desafortunadas\u201d y los consecuentes intentos de <em>desdeclarar<\/em><em>las.<\/em><\/p>\n<p>El \u00faltimo ha sido Javier Mariscal, que hace unos d\u00edas describi\u00f3 la manifestaci\u00f3n de la Diada del 11 de Septiembre pasado como \u201cel d\u00eda ese de las banderas que parec\u00eda como la \u00e9poca de Hitler\u201d, en una <a href=\"http:\/\/ccaa.elpais.com\/ccaa\/2013\/05\/01\/valencia\/1367428051_527457.html\">entrevista<\/a> en la edici\u00f3n valenciana de El Pa\u00eds.<\/p>\n<p>El comentario, como es evidente, vol\u00f3 por los medios impresos y digitales, y por las redes sociales. El dibujante y dise\u00f1ador ha tenido la valent\u00eda (y contactos) de publicar una <a href=\"http:\/\/www.lavanguardia.com\/participacion\/cartas\/20130507\/54373262919\/disculpas-mariscal.html\">carta<\/a> de disculpa a La Vanguardia. Dice: \u201cno mediado ni el ALCANCE ni el contenido de mis palabras, dichas de modo informal y coloquial, Aunque no por ellos menos equivocadas\u201d.<\/p>\n<p>Estos casos en que un personaje p\u00fablico trata de retractarse de unas \u201cdesafortunadas declaraciones\u201d siempre dejan el mismo sabor de duda en las personas receptoras de las disculpas. \u00bfQuiere decir que en realidad no piensa que la Diada se pareciera a \u201cla \u00e9poca de Hitler\u201d? \u00bfQuiere decir que s\u00ed lo piensa pero se arrepiente de haberlo dicho? \u00bfQuiz\u00e1 no sab\u00eda Mariscal que no era el \u00fanico que mezclaba Hitler con la situaci\u00f3n catalana actual? \u00bfO no ten\u00eda ni idea de que el nazismo es tema delicado en Europa desde los \u00faltimos sesenta a\u00f1os? \u00bfO quiz\u00e1s no pens\u00f3 que una entrevista \u201cprovincial\u201d no tendr\u00eda tanta repercusi\u00f3n?<\/p>\n<p>Sea como sea, las personas con una dimensi\u00f3n p\u00fablica como Mariscal, deber\u00edan saber que cuando se habla con medios de comunicaci\u00f3n hay que ser consciente de que uno se est\u00e1 dirigiendo a un gran n\u00famero de personas. No se trata de tener respeto a las palabras, como dice el dise\u00f1ador en su carta, sino que tener respeto a las personas que escuchan.<\/p>\n","protected":false},"excerpt":{"rendered":"<p>\u00daltimamente se nos hace extra\u00f1o el d\u00eda en que no tenemos un caso de \u201cdeclaraciones desafortunadas\u201d y los consecuentes intentos de desdeclararlas. El \u00faltimo ha sido Javier Mariscal, que hace unos d\u00edas describi\u00f3 la manifestaci\u00f3n de la Diada del 11 de Septiembre pasado como \u201cel&#8230;<\/p>\n","protected":false},"author":1,"featured_media":862,"comment_status":"open","ping_status":"open","sticky":false,"template":"","format":"standard","meta":{"footnotes":""},"categories":[422],"tags":[163,53,97,51],"home_featured":[],"class_list":["post-1385","post","type-post","status-publish","format-standard","has-post-thumbnail","hentry","category-la-noticia-y-el-comentario","tag-reputacio","tag-percepcio-publica","tag-social-media","tag-comunicacio-de-crisi"],"acf":[],"_links":{"self":[{"href":"https:\/\/www.manifestacom.com\/es\/wp-json\/wp\/v2\/posts\/1385","targetHints":{"allow":["GET"]}}],"collection":[{"href":"https:\/\/www.manifestacom.com\/es\/wp-json\/wp\/v2\/posts"}],"about":[{"href":"https:\/\/www.manifestacom.com\/es\/wp-json\/wp\/v2\/types\/post"}],"author":[{"embeddable":true,"href":"https:\/\/www.manifestacom.com\/es\/wp-json\/wp\/v2\/users\/1"}],"replies":[{"embeddable":true,"href":"https:\/\/www.manifestacom.com\/es\/wp-json\/wp\/v2\/comments?post=1385"}],"version-history":[{"count":2,"href":"https:\/\/www.manifestacom.com\/es\/wp-json\/wp\/v2\/posts\/1385\/revisions"}],"predecessor-version":[{"id":1675,"href":"https:\/\/www.manifestacom.com\/es\/wp-json\/wp\/v2\/posts\/1385\/revisions\/1675"}],"wp:featuredmedia":[{"embeddable":true,"href":"https:\/\/www.manifestacom.com\/es\/wp-json\/wp\/v2\/media\/862"}],"wp:attachment":[{"href":"https:\/\/www.manifestacom.com\/es\/wp-json\/wp\/v2\/media?parent=1385"}],"wp:term":[{"taxonomy":"category","embeddable":true,"href":"https:\/\/www.manifestacom.com\/es\/wp-json\/wp\/v2\/categories?post=1385"},{"taxonomy":"post_tag","embeddable":true,"href":"https:\/\/www.manifestacom.com\/es\/wp-json\/wp\/v2\/tags?post=1385"},{"taxonomy":"home_featured","embeddable":true,"href":"https:\/\/www.manifestacom.com\/es\/wp-json\/wp\/v2\/home_featured?post=1385"}],"curies":[{"name":"wp","href":"https:\/\/api.w.org\/{rel}","templated":true}]}}