{"id":1386,"date":"2016-01-18T11:56:24","date_gmt":"2016-01-18T11:56:24","guid":{"rendered":"http:\/\/www.manifestacom.com\/dep-fotolog-los-recuerdos-volatiles-de-la-era-digital\/"},"modified":"2017-05-06T10:14:38","modified_gmt":"2017-05-06T10:14:38","slug":"dep-fotolog-los-recuerdos-volatiles-de-la-era-digital","status":"publish","type":"post","link":"https:\/\/www.manifestacom.com\/es\/dep-fotolog-los-recuerdos-volatiles-de-la-era-digital\/","title":{"rendered":"DEP, Fotolog: los recuerdos vol\u00e1tiles de la era digital"},"content":{"rendered":"<p><a href=\"http:\/\/www.manifestacom.com\/wp-content\/uploads\/2016\/02\/fotolog.jpg\"><img loading=\"lazy\" decoding=\"async\" class=\"aligncenter\" title=\"fotolog\" src=\"http:\/\/www.manifestacom.com\/wp-content\/uploads\/2016\/02\/fotolog-580x230.jpg\" alt=\"\" width=\"580\" height=\"230\" \/><\/a><\/p>\n<p>Recuerdos que se pierden, archivos, fotograf\u00edas y mensajes que son tragados por el agujero negro de la Internet inaccesible, o, peor a\u00fan, menospreciados en traspasos puramente comerciales. La semana pasada asistimos a la desaparici\u00f3n de <a href=\"http:\/\/www.elperiodico.com\/es\/noticias\/sociedad\/recuerdos-perdidos-fotolog-4819364\">Fotolog<\/a>, la primera red social de fotograf\u00eda que lleg\u00f3 desde Silicon Valley en 2002, mucho antes que Facebook o Instagram.<\/p>\n<p>Nada es para siempre, y eso incluye, por supuesto, las plataformas de Internet en las que desde hace unos a\u00f1os acumulamos los pedazos de nuestras vidas digitales. Una p\u00e9rdida como la sufrida esta vez por los usuarios de Fotolog no resulta f\u00e1cil de digerir: es un poco como cuando durante un traslado desaparecen, por culpa propia o ajena, los \u00e1lbumes de fotos, un diario de la adolescencia. No hay nada que hacer m\u00e1s que dejar ir.<\/p>\n<p>En estos tiempos instant\u00e1neos, quiz\u00e1s hay que recordar que en nuestra hiperactiva vida digital de intercambio de mensajes, emoticonos, fotograf\u00edas, v\u00eddeos y otros parches de vida, es necesario a\u00fan pensar en guardar, seleccionar y clasificar. Como se ha hecho siempre con los recuerdos que queremos que nos acompa\u00f1en a lo largo de los a\u00f1os.<\/p>\n","protected":false},"excerpt":{"rendered":"<p>Recuerdos que se pierden, archivos, fotograf\u00edas y mensajes que son tragados por el agujero negro de la Internet inaccesible, o, peor a\u00fan, menospreciados en traspasos puramente comerciales. La semana pasada asistimos a la desaparici\u00f3n de Fotolog, la primera red social de fotograf\u00eda que lleg\u00f3 desde&#8230;<\/p>\n","protected":false},"author":1,"featured_media":865,"comment_status":"open","ping_status":"open","sticky":false,"template":"","format":"standard","meta":{"footnotes":""},"categories":[422],"tags":[167,49],"home_featured":[],"class_list":["post-1386","post","type-post","status-publish","format-standard","has-post-thumbnail","hentry","category-la-noticia-y-el-comentario","tag-cultura-digital","tag-xarxes-socials"],"acf":[],"_links":{"self":[{"href":"https:\/\/www.manifestacom.com\/es\/wp-json\/wp\/v2\/posts\/1386","targetHints":{"allow":["GET"]}}],"collection":[{"href":"https:\/\/www.manifestacom.com\/es\/wp-json\/wp\/v2\/posts"}],"about":[{"href":"https:\/\/www.manifestacom.com\/es\/wp-json\/wp\/v2\/types\/post"}],"author":[{"embeddable":true,"href":"https:\/\/www.manifestacom.com\/es\/wp-json\/wp\/v2\/users\/1"}],"replies":[{"embeddable":true,"href":"https:\/\/www.manifestacom.com\/es\/wp-json\/wp\/v2\/comments?post=1386"}],"version-history":[{"count":1,"href":"https:\/\/www.manifestacom.com\/es\/wp-json\/wp\/v2\/posts\/1386\/revisions"}],"predecessor-version":[{"id":1611,"href":"https:\/\/www.manifestacom.com\/es\/wp-json\/wp\/v2\/posts\/1386\/revisions\/1611"}],"wp:featuredmedia":[{"embeddable":true,"href":"https:\/\/www.manifestacom.com\/es\/wp-json\/wp\/v2\/media\/865"}],"wp:attachment":[{"href":"https:\/\/www.manifestacom.com\/es\/wp-json\/wp\/v2\/media?parent=1386"}],"wp:term":[{"taxonomy":"category","embeddable":true,"href":"https:\/\/www.manifestacom.com\/es\/wp-json\/wp\/v2\/categories?post=1386"},{"taxonomy":"post_tag","embeddable":true,"href":"https:\/\/www.manifestacom.com\/es\/wp-json\/wp\/v2\/tags?post=1386"},{"taxonomy":"home_featured","embeddable":true,"href":"https:\/\/www.manifestacom.com\/es\/wp-json\/wp\/v2\/home_featured?post=1386"}],"curies":[{"name":"wp","href":"https:\/\/api.w.org\/{rel}","templated":true}]}}