{"id":1387,"date":"2014-03-04T21:56:21","date_gmt":"2014-03-04T21:56:21","guid":{"rendered":"http:\/\/www.manifestacom.com\/diez-cosas-que-deberias-saber-sobre-la-viquipedia\/"},"modified":"2017-05-11T11:32:47","modified_gmt":"2017-05-11T11:32:47","slug":"diez-cosas-que-deberias-saber-sobre-la-viquipedia","status":"publish","type":"post","link":"https:\/\/www.manifestacom.com\/es\/diez-cosas-que-deberias-saber-sobre-la-viquipedia\/","title":{"rendered":"Diez cosas que deber\u00edas saber sobre la Viquip\u00e8dia"},"content":{"rendered":"<div class=\"wp-caption alignleft\" style=\"width: 219px;\">\n<p><a href=\"http:\/\/www.manifestacom.com\/wp-content\/uploads\/2014\/03\/Viquip\u00e8dia.jpg\"><img loading=\"lazy\" decoding=\"async\" title=\"Viquip\u00e8dia\" src=\"http:\/\/www.manifestacom.com\/wp-content\/uploads\/2014\/03\/Viquip\u00e8dia-580x433.jpg\" alt=\"\" width=\"209\" height=\"156\" \/><\/a><\/p>\n<p class=\"wp-caption-text\">Taller de Viquip\u00e8dia en el Museu d\u2019Hist\u00f2ria de Catalunya. Abril 2013. Fuente: Wikimedia Commons.<\/p>\n<\/div>\n<p>\u201cWikipedia: la principal fuente de informaci\u00f3n del planeta. \u00bfEs fiable ? \u00bfQui\u00e9n la hace en Catalu\u00f1a? \u201cAs\u00ed <a href=\"https:\/\/twitter.com\/30minuts\/status\/438648542836822017\" target=\"_blank\">presentaba <\/a>el 30 Minuts de TV3 su reciente reportaje sobre la Viquip\u00e8dia, la edici\u00f3n catalana de la Wikipedia. Recogemos algunos de los datos destacados del programa, y otros que no fueron incluidos en el documental.<\/p>\n<ol>\n<li>El primer art\u00edculo de la Viquip\u00e8dia fue el <a href=\"http:\/\/ca.wikipedia.org\/wiki\/Viquip\u00e8dia_en_catal\u00e0\" target=\"_blank\">primero <\/a>que se public\u00f3 en lengua no inglesa y lo hizo tan s\u00f3lo dos meses despu\u00e9s del nacimiento de la edici\u00f3n original de la Wikipedia en ingl\u00e9s, en marzo de 2001.<\/li>\n<li>De las 285 ediciones ling\u00fc\u00edsticas de la Wikipedia, la catalana es la <a href=\"http:\/\/meta.wikimedia.org\/wiki\/List_of_Wikipedias\" target=\"_blank\">decimoquinta <\/a>por cantidad de art\u00edculos, y ocupa el segundo lugar del <a href=\"http:\/\/meta.wikimedia.org\/w\/index.php?title=List_of_wikipedias_by_sample_of_articles&amp;mobileaction=toggle_view_desktop\" target=\"_blank\">\u00edndice <\/a>de la Fundaci\u00f3n Wikimedia que mide el nivel de calidad de los mil art\u00edculos m\u00e1s importantes.<\/li>\n<li>La edici\u00f3n catalana de la Wikipedia, con m\u00e1s de 1.000 colaboradores, es una de las m\u00e1s activas del mundo. En abril de 2013, el contador de Wikipedia alcanz\u00f3 el hito de los <a href=\"http:\/\/ca.wikipedia.org\/wiki\/Viquip\u00e8dia:Notes_de_premsa\/La_Viquip\u00e8dia_en_catal\u00e0_assoleix_els_400.000_articles_i_marca_el_r\u00e8cord_d'usuaris_actius\" target=\"_blank\">400.000<\/a> art\u00edculos.<\/li>\n<li>Ocho a\u00f1os despu\u00e9s de constituirse, la<a href=\"http:\/\/www.viquimedia.cat\/\" target=\"_blank\"> Amical Wikimedia<\/a>, la asociaci\u00f3n que promueve la Viquip\u00e8dia, fue finalmente <a href=\"http:\/\/wiki.wikimedia.cat\/viqui\/Apunt:Amical_Wikimedia,_finalment_reconeguda_a_nivell_internacional\" target=\"_blank\">reconocida <\/a>a nivel internacional por la Fundaci\u00f3n Wikimedia en junio de 2013. Este cambio requiri\u00f3 una larga e intensa <a href=\"http:\/\/meta.wikimedia.org\/wiki\/Wikimedia_CAT\/Members_and_Supporters\" target=\"_blank\">campa\u00f1a <\/a>por parte de los wikipedistas catalanes para conseguir un \u201ccap\u00edtulo\u201d propio, ya que hasta entonces los criterios se hab\u00edan basado en la representaci\u00f3n de estados. Gracias a este reconocimiento, la Amical Wikipedia ahora puede acceder a sistemas de financiaci\u00f3n y facilidades para promover sus proyectos .<\/li>\n<li>Wikipedia es mucho m\u00e1s que una enciclopedia en l\u00ednea. La <a href=\"http:\/\/www.viquimedia.cat\/\" target=\"_blank\">Amical Wikimedia<\/a> organiza todo tipo de actividades para promover el conocimiento libre, como las <a href=\"http:\/\/ca.wikipedia.org\/wiki\/Viquip\u00e8dia:GLAM\/Activitats#Viquimarat.C3.B3\" target=\"_blank\">viquimaratones<\/a>, los talleres en los <a href=\"https:\/\/outreach.wikimedia.org\/wiki\/Education_Portal\/ca\" target=\"_blank\">centros escolares<\/a> o las colaboraciones con instituciones como <a href=\"http:\/\/ca.globalvoicesonline.org\/2013\/02\/viquimodernisme-el-modernisme-catala-de-laula-a-la-xarxa\/\" target=\"_blank\">universidades<\/a>, <a href=\"http:\/\/ca.wikipedia.org\/wiki\/Viquiprojecte:ICUB\" target=\"_blank\">museos<\/a>, <a href=\"https:\/\/outreach.wikimedia.org\/wiki\/WikiArS\/ca\" target=\"_blank\">escuelas de arte y dise\u00f1o<\/a> o <a href=\"http:\/\/ca.wikipedia.org\/wiki\/Viquiprojecte:Biblioteques\" target=\"_blank\">bibliotecas<\/a>.<\/li>\n<li>6 . Un <a href=\"http:\/\/www.nuvol.com\/noticies\/el-mapa-de-la-viquipedia\/\" target=\"_blank\">estudio de Mark Graham<\/a>, investigador de la Universidad de Oxford, a partir de las cifras obtenidas por la combinaci\u00f3n de datos geolocalizados de WikiLocation y Georeferenzierung, mostr\u00f3 que en julio de 2012 se hab\u00edan hecho m\u00e1s art\u00edculos en catal\u00e1n (35.000) que en castellano (19.000) desde territorio espa\u00f1ol. Seg\u00fan Graham, \u201cen ninguna parte del mundo se aprecia una visibilidad tan alta de una lengua relativamente poco hablada.\u201d<\/li>\n<li>El coordinador de comunicaci\u00f3n de la Amical Wikimedia es David Parre\u00f1o, un activo viquipedista de 18 a\u00f1os y estudiante de Humanidades. En los \u00faltimos seis a\u00f1os ha realizado m\u00e1s de 40.000 aportaciones (art\u00edculos, modificaciones y correcciones) a la enciclopedia. Cuando ten\u00eda 16, inici\u00f3 el proyecto pionero \u201c<a href=\"http:\/\/blog.davidparreno.cat\/post\/29260480212\/palafrugell-posat-wiki\" target=\"_blank\">Palafrugell, posa\u2019t wiki<\/a>\u201d dentro del marco de la iniciativa <a href=\"http:\/\/ca.wikipedia.org\/wiki\/Viquip\u00e8dia:GLAM\" target=\"_blank\">GLAM-Wiki<\/a>, que involucr\u00f3 a las instituciones culturales de su pueblo para hacer m\u00e1s accesible el conocimiento. Actualmente es viquipedista residente del Servicio de Bibliotecas P\u00fablicas de Catalu\u00f1a, con el proyecto <a href=\"http:\/\/ca.wikipedia.org\/wiki\/Viquiprojecte:Biblioteques\" target=\"_blank\">Wiki Loves BibliotequesCAT<\/a>.<\/li>\n<li><a href=\"http:\/\/www.kippelboy.cat\/\" target=\"_blank\">\u00c0lex Hinojo<\/a> es el \u00fanico viquipedista que trabaja para la Fundaci\u00f3n Wikimedia. Es <a href=\"http:\/\/es.paperblog.com\/entrevista-con-alex-hinojo-kippelboy-783360\/\" target=\"_blank\">embajador Glam-Wiki<\/a> y se dedica a desarrollar proyectos en colaboraci\u00f3n con las instituciones culturales catalanas, depositarias tradicionales del conocimiento, a fin de poner la informaci\u00f3n al alcance de todos.<\/li>\n<li>S\u00f3lo un 9% de los colaboradores de la Viquip\u00e8dia son mujeres, y un 13 % en todo el mundo. Para fomentar la participaci\u00f3n de las mujeres en la enciclopedia en l\u00ednea, el <a href=\"http:\/\/www20.gencat.cat\/portal\/site\/icdones\">Institut Catal\u00e0 de les Dones<\/a> ha puesto en marcha una iniciativa que organiza talleres con las bibliotecas catalanas.<\/li>\n<li>En el congreso Open Access celebrado en en octubre de 2013 en Bruselas , el fundador de la Wikipedia, <a href=\"http:\/\/ca.wikipedia.org\/wiki\/Jimmy_Wales\" target=\"_blank\">Jimmy Wales<\/a>, <a href=\"http:\/\/www.wikimedia.cat\/2013\/10\/30\/jimmy-wales-fundador-de-la-viquipedia-en-lloa-ledicio-catalana-amb-video\/\" target=\"_blank\">destac\u00f3 <\/a>el ejemplo de la Viquip\u00e8dia como edici\u00f3n ling\u00fc\u00edstica sorprendentemente activa, en relaci\u00f3n al n\u00famero de hablantes.<\/li>\n<\/ol>\n","protected":false},"excerpt":{"rendered":"<p>Taller de Viquip\u00e8dia en el Museu d\u2019Hist\u00f2ria de Catalunya. Abril 2013. Fuente: Wikimedia Commons. \u201cWikipedia: la principal fuente de informaci\u00f3n del planeta. \u00bfEs fiable ? \u00bfQui\u00e9n la hace en Catalu\u00f1a? \u201cAs\u00ed presentaba el 30 Minuts de TV3 su reciente reportaje sobre la Viquip\u00e8dia, la edici\u00f3n&#8230;<\/p>\n","protected":false},"author":1,"featured_media":868,"comment_status":"open","ping_status":"open","sticky":false,"template":"","format":"standard","meta":{"footnotes":""},"categories":[421],"tags":[437,168,169,170,171],"home_featured":[],"class_list":["post-1387","post","type-post","status-publish","format-standard","has-post-thumbnail","hentry","category-el-post-es","tag-internet-es","tag-coneixement-2-0","tag-societat-del-coneixement","tag-viquipedia","tag-wikipedia"],"acf":[],"_links":{"self":[{"href":"https:\/\/www.manifestacom.com\/es\/wp-json\/wp\/v2\/posts\/1387","targetHints":{"allow":["GET"]}}],"collection":[{"href":"https:\/\/www.manifestacom.com\/es\/wp-json\/wp\/v2\/posts"}],"about":[{"href":"https:\/\/www.manifestacom.com\/es\/wp-json\/wp\/v2\/types\/post"}],"author":[{"embeddable":true,"href":"https:\/\/www.manifestacom.com\/es\/wp-json\/wp\/v2\/users\/1"}],"replies":[{"embeddable":true,"href":"https:\/\/www.manifestacom.com\/es\/wp-json\/wp\/v2\/comments?post=1387"}],"version-history":[{"count":2,"href":"https:\/\/www.manifestacom.com\/es\/wp-json\/wp\/v2\/posts\/1387\/revisions"}],"predecessor-version":[{"id":1878,"href":"https:\/\/www.manifestacom.com\/es\/wp-json\/wp\/v2\/posts\/1387\/revisions\/1878"}],"wp:featuredmedia":[{"embeddable":true,"href":"https:\/\/www.manifestacom.com\/es\/wp-json\/wp\/v2\/media\/868"}],"wp:attachment":[{"href":"https:\/\/www.manifestacom.com\/es\/wp-json\/wp\/v2\/media?parent=1387"}],"wp:term":[{"taxonomy":"category","embeddable":true,"href":"https:\/\/www.manifestacom.com\/es\/wp-json\/wp\/v2\/categories?post=1387"},{"taxonomy":"post_tag","embeddable":true,"href":"https:\/\/www.manifestacom.com\/es\/wp-json\/wp\/v2\/tags?post=1387"},{"taxonomy":"home_featured","embeddable":true,"href":"https:\/\/www.manifestacom.com\/es\/wp-json\/wp\/v2\/home_featured?post=1387"}],"curies":[{"name":"wp","href":"https:\/\/api.w.org\/{rel}","templated":true}]}}