{"id":1390,"date":"2013-05-24T13:29:25","date_gmt":"2013-05-24T13:29:25","guid":{"rendered":"http:\/\/www.manifestacom.com\/diferenciarse-vende\/"},"modified":"2017-05-06T10:27:25","modified_gmt":"2017-05-06T10:27:25","slug":"diferenciarse-vende","status":"publish","type":"post","link":"https:\/\/www.manifestacom.com\/es\/diferenciarse-vende\/","title":{"rendered":"Diferenciarse vende"},"content":{"rendered":"<p><a href=\"http:\/\/youtu.be\/PALNcW_eQXw\">V\u00eddeoCV de Enzo Vizca\u00edno<\/a><\/p>\n<p>En un momento como el actual, en que los j\u00f3venes que salen de la facultad se enfrentan a un 57% de paro juvenil, diferenciarse y destacar entre los millones que buscan trabajo no es f\u00e1cil.<\/p>\n<p><a href=\"http:\/\/creiaqueeramosamigos.com\/henzovic\">Enzo Vizca\u00edno<\/a> (@ henzovic), licenciado en periodismo, lo ha conseguido. Ha puesto al fuego todas sus habilidades (se define como periodista \/ guionista \/ redactor \/ m\u00fasico \/ compositor) y ha subido un v\u00eddeo en Youtube donde se le ve cantando su curriculum en el metro de Barcelona, acompa\u00f1ado por su ukelele.<\/p>\n<p>El v\u00eddeo, colgado el lunes 13 de mayo, ha volado por las redes sociales y ya cuenta con m\u00e1s de 500.000 visitas. Los medios de comunicaci\u00f3n no se han hecho esperar: El Mundo, la Cadena SER y El Peri\u00f3dico, entre otros, ya se han hecho eco.<\/p>\n<p>Con pocos recursos, el Enzo ha conseguido que decenas de miles de personas hayan vuelto la mirada hacia \u00e9l y hablen. Poca broma. Si recogiera en un dossier c\u00f3mo surgi\u00f3 la idea, c\u00f3mo se llev\u00f3 a cabo, cu\u00e1l fue el impacto en medios y redes sociales y qu\u00e9 resultado obtuvo, tendr\u00eda la carta de presentaci\u00f3n ideal para pedir trabajo a una agencia de comunicaci\u00f3n.<\/p>\n<p>Si ha conseguido un trabajo o (a\u00fan) no, no lo sabemos, pero que ha hecho una magn\u00edfica (y masiva) muestra de su personalidad atrevida y de sus habilidades creativas y comunicativas, no hay duda. Esperamos que cuando el Enzo encuentre trabajo, nos lo explique.<\/p>\n","protected":false},"excerpt":{"rendered":"<p>V\u00eddeoCV de Enzo Vizca\u00edno En un momento como el actual, en que los j\u00f3venes que salen de la facultad se enfrentan a un 57% de paro juvenil, diferenciarse y destacar entre los millones que buscan trabajo no es f\u00e1cil. Enzo Vizca\u00edno (@ henzovic), licenciado en&#8230;<\/p>\n","protected":false},"author":1,"featured_media":877,"comment_status":"open","ping_status":"open","sticky":false,"template":"","format":"standard","meta":{"footnotes":""},"categories":[422],"tags":[],"home_featured":[],"class_list":["post-1390","post","type-post","status-publish","format-standard","has-post-thumbnail","hentry","category-la-noticia-y-el-comentario"],"acf":[],"_links":{"self":[{"href":"https:\/\/www.manifestacom.com\/es\/wp-json\/wp\/v2\/posts\/1390","targetHints":{"allow":["GET"]}}],"collection":[{"href":"https:\/\/www.manifestacom.com\/es\/wp-json\/wp\/v2\/posts"}],"about":[{"href":"https:\/\/www.manifestacom.com\/es\/wp-json\/wp\/v2\/types\/post"}],"author":[{"embeddable":true,"href":"https:\/\/www.manifestacom.com\/es\/wp-json\/wp\/v2\/users\/1"}],"replies":[{"embeddable":true,"href":"https:\/\/www.manifestacom.com\/es\/wp-json\/wp\/v2\/comments?post=1390"}],"version-history":[{"count":1,"href":"https:\/\/www.manifestacom.com\/es\/wp-json\/wp\/v2\/posts\/1390\/revisions"}],"predecessor-version":[{"id":1621,"href":"https:\/\/www.manifestacom.com\/es\/wp-json\/wp\/v2\/posts\/1390\/revisions\/1621"}],"wp:featuredmedia":[{"embeddable":true,"href":"https:\/\/www.manifestacom.com\/es\/wp-json\/wp\/v2\/media\/877"}],"wp:attachment":[{"href":"https:\/\/www.manifestacom.com\/es\/wp-json\/wp\/v2\/media?parent=1390"}],"wp:term":[{"taxonomy":"category","embeddable":true,"href":"https:\/\/www.manifestacom.com\/es\/wp-json\/wp\/v2\/categories?post=1390"},{"taxonomy":"post_tag","embeddable":true,"href":"https:\/\/www.manifestacom.com\/es\/wp-json\/wp\/v2\/tags?post=1390"},{"taxonomy":"home_featured","embeddable":true,"href":"https:\/\/www.manifestacom.com\/es\/wp-json\/wp\/v2\/home_featured?post=1390"}],"curies":[{"name":"wp","href":"https:\/\/api.w.org\/{rel}","templated":true}]}}