{"id":1392,"date":"2012-11-26T09:43:19","date_gmt":"2012-11-26T09:43:19","guid":{"rendered":"http:\/\/www.manifestacom.com\/edgar-weggelaar-nuevo-director-general-de-julia-travel\/"},"modified":"2017-05-11T08:38:45","modified_gmt":"2017-05-11T08:38:45","slug":"edgar-weggelaar-nuevo-director-general-de-julia-travel","status":"publish","type":"post","link":"https:\/\/www.manifestacom.com\/es\/edgar-weggelaar-nuevo-director-general-de-julia-travel\/","title":{"rendered":"Edgar Weggelaar, nuevo director general de Juli\u00e0 Travel"},"content":{"rendered":"<div id=\"attachment_2605\" class=\"wp-caption aligncenter\" style=\"width: 590px;\"><a href=\"http:\/\/www.manifestacom.com\/wp-content\/uploads\/2014\/11\/EdgarWeggelaar_director-general-Juli\u00e0-Travel_.jpg\"><img loading=\"lazy\" decoding=\"async\" class=\"size-medium wp-image-2605\" title=\"Edgar Weggelaar, director general de Juli\u00e0 Travel\" src=\"http:\/\/www.manifestacom.com\/wp-content\/uploads\/2014\/11\/EdgarWeggelaar_director-general-Juli\u00e0-Travel_-580x396.jpg\" alt=\"\" width=\"580\" height=\"396\" \/><\/a><\/p>\n<p class=\"wp-caption-text\">Edgar Weggelaar, director general de Juli\u00e0 Travel<\/p>\n<\/div>\n<p>Grupo Juli\u00e0 ha nombrado recientemente a Edgar Weggelaar nuevo director general de Juli\u00e0 Travel, la divisi\u00f3n del Grupo especialista en turismo receptivo. Weggelaar, hasta ahora director comercial de la divisi\u00f3n, releva de esta manera a Ignacio Casanova, quien se ha hecho cargo de la expansi\u00f3n del negocio tur\u00edstico del Grupo en Estados Unidos.<\/p>\n<p>Weggelaar, de origen holand\u00e9s, se incorpor\u00f3 a <a title=\"Grupo Juli\u00e0\" href=\"http:\/\/www.grupojulia.com\/es\/\" target=\"_blank\">Grupo Juli\u00e0<\/a> en 2009 como director comercial de Juli\u00e0 Travel y durante este tiempo se ha encargado de potenciar los servicios de la divisi\u00f3n en los mercados nacionales e internacionales.<\/p>\n<p>Diplomado en Empresariales,\u00a0Turismo y Recreaci\u00f3n por la Erasmushogeschool de Bruselas (B\u00e9lgica) y PDD (Programa de Desarrollo Directivo) por IESE, Weggelaar habla 9 idiomas y atesora una amplia experiencia en turismo receptivo tanto en el \u00e1mbito nacional como internacional. Anteriormente, ha trabajado en el departamento de destinos y servicios a clientes de TUI B\u00e9lgica, como director de destinos de Intermed Travel Group en Grecia y como director de turismo receptivo en el Poble Espanyol de Barcelona.<\/p>\n<p>Con este nombramiento, Grupo Juli\u00e0 espera afianzar a Juli\u00e0 Travel como especialista en turismo urbano, excursiones, experiencias y circuitos por Espa\u00f1a, Portugal y Marruecos. Asimismo, la compa\u00f1\u00eda prev\u00e9 seguir con la expansi\u00f3n del negocio tur\u00edstico del Grupo, el de mayor peso y el que ha experimentado un mayor crecimiento en los \u00faltimos a\u00f1os. De hecho, de 2010 a 2013 el promedio de crecimiento de la facturaci\u00f3n bruta de Juli\u00e0 Travel\u00a0ha sido de cerca del 35%.<\/p>\n","protected":false},"excerpt":{"rendered":"<p>Edgar Weggelaar, director general de Juli\u00e0 Travel Grupo Juli\u00e0 ha nombrado recientemente a Edgar Weggelaar nuevo director general de Juli\u00e0 Travel, la divisi\u00f3n del Grupo especialista en turismo receptivo. Weggelaar, hasta ahora director comercial de la divisi\u00f3n, releva de esta manera a Ignacio Casanova, quien&#8230;<\/p>\n","protected":false},"author":1,"featured_media":887,"comment_status":"open","ping_status":"open","sticky":false,"template":"","format":"standard","meta":{"footnotes":""},"categories":[423],"tags":[179,180,181,182,183,184,68],"home_featured":[],"class_list":["post-1392","post","type-post","status-publish","format-standard","has-post-thumbnail","hentry","category-nuestros-clientes","tag-edgar-weggelaar","tag-grupo-julia","tag-julia-travel","tag-turisme-receptiu","tag-turismo","tag-turismo-receptivo","tag-turisme"],"acf":[],"_links":{"self":[{"href":"https:\/\/www.manifestacom.com\/es\/wp-json\/wp\/v2\/posts\/1392","targetHints":{"allow":["GET"]}}],"collection":[{"href":"https:\/\/www.manifestacom.com\/es\/wp-json\/wp\/v2\/posts"}],"about":[{"href":"https:\/\/www.manifestacom.com\/es\/wp-json\/wp\/v2\/types\/post"}],"author":[{"embeddable":true,"href":"https:\/\/www.manifestacom.com\/es\/wp-json\/wp\/v2\/users\/1"}],"replies":[{"embeddable":true,"href":"https:\/\/www.manifestacom.com\/es\/wp-json\/wp\/v2\/comments?post=1392"}],"version-history":[{"count":1,"href":"https:\/\/www.manifestacom.com\/es\/wp-json\/wp\/v2\/posts\/1392\/revisions"}],"predecessor-version":[{"id":1839,"href":"https:\/\/www.manifestacom.com\/es\/wp-json\/wp\/v2\/posts\/1392\/revisions\/1839"}],"wp:featuredmedia":[{"embeddable":true,"href":"https:\/\/www.manifestacom.com\/es\/wp-json\/wp\/v2\/media\/887"}],"wp:attachment":[{"href":"https:\/\/www.manifestacom.com\/es\/wp-json\/wp\/v2\/media?parent=1392"}],"wp:term":[{"taxonomy":"category","embeddable":true,"href":"https:\/\/www.manifestacom.com\/es\/wp-json\/wp\/v2\/categories?post=1392"},{"taxonomy":"post_tag","embeddable":true,"href":"https:\/\/www.manifestacom.com\/es\/wp-json\/wp\/v2\/tags?post=1392"},{"taxonomy":"home_featured","embeddable":true,"href":"https:\/\/www.manifestacom.com\/es\/wp-json\/wp\/v2\/home_featured?post=1392"}],"curies":[{"name":"wp","href":"https:\/\/api.w.org\/{rel}","templated":true}]}}