{"id":1395,"date":"2012-11-23T07:13:31","date_gmt":"2012-11-23T07:13:31","guid":{"rendered":"http:\/\/www.manifestacom.com\/el-ciervo-el-politico-y-los-cojones\/"},"modified":"2017-05-11T13:26:03","modified_gmt":"2017-05-11T13:26:03","slug":"el-ciervo-el-politico-y-los-cojones","status":"publish","type":"post","link":"https:\/\/www.manifestacom.com\/es\/el-ciervo-el-politico-y-los-cojones\/","title":{"rendered":"El ciervo, el pol\u00edtico y los cojones"},"content":{"rendered":"<p><a href=\"http:\/\/www.manifestacom.com\/2012\/11\/23\/el-cervol-el-politic-i-els-collons\/carlos-delgado-4\/\" rel=\"attachment wp-att-1374\"><img loading=\"lazy\" decoding=\"async\" class=\"alignright wp-image-1374\" title=\"Carlos Delgado\" src=\"http:\/\/www.manifestacom.com\/wp-content\/uploads\/2012\/11\/carlos-delgado3.jpg\" alt=\"Imagen de Carlos Delgado con las criadillas de ciervo\" width=\"377\" height=\"213\" \/><\/a>A medida que nos hacemos mayores disminuye nuestra capacidad para sorprendernos. El paso de los a\u00f1os te familiariza con situaciones y hechos extra\u00f1os y singulares, algunos incluso kafkianos. Pero por mucho que uno ya haya visto mundo la capacidad de sorprenderte de la clase pol\u00edtica espa\u00f1ola no tiene l\u00edmite. Esta semana los medios de comunicaci\u00f3n y las redes sociales de este peculiar pa\u00eds han difundido hasta la saciedad la sonriente imagen del Conseller de Turisme balear, Carlos Delgado, y, atenci\u00f3n, n\u00famero dos del PP en las islas, con los test\u00edculos de un ciervo en la cabeza, cazado por \u00e9l mismo el a\u00f1o pasado, cuando todav\u00eda era el Alcalde de Calvi\u00e0.<\/p>\n<p>De este personaje depende en la actualidad, desde el punto de vista administrativo, la actividad econ\u00f3mica m\u00e1s importante de la Comunidad Balear: la industria tur\u00edstica. Del comportamiento de este sector estrat\u00e9gico depende a su vez, y en gran medida, la imagen y el prestigio de las Islas en el resto del Estado y en el \u00e1mbito internacional. Se trata, pues, de una responsabilidad pol\u00edtica y social de gran relevancia.<\/p>\n<p>A pesar de que la fotograf\u00eda corresponde a un acto llevado a cabo en el libre desarrollo de su vida privada, \u00bfc\u00f3mo puede olvidar su faceta ineludible de personaje p\u00fablico un pol\u00edtico de su posici\u00f3n? \u00bfConoce este individuo lo que significan imagen y prestigio personal? \u00bfHa o\u00eddo hablar alguna vez\u00a0del concepto de dignidad institucional? \u00bfConoce el significado de las palabras ejemplo, respeto, sentido com\u00fan o, simplemente, prudencia? \u00bfQu\u00e9 hay que tener en la cabeza (aparte de los cojones del noble animal) para cometer un error de esta naturaleza?<\/p>\n<p>Pero m\u00e1s all\u00e1 de este lamentable y pat\u00e9tico hecho, lo m\u00e1s preocupante es pensar c\u00f3mo estos personajes, absolutamente impresentables e inconscientes en su vida personal, llegan a ejercer cargos de primera responsabilidad y representaci\u00f3n p\u00fablica. Llegados a este punto la mediocridad personal se convierte en un problema compartido.<\/p>\n<p>Episodios como \u00e9ste demuestran que el sistema de filtraje para garantizar la solvencia y seriedad de nuestra clase pol\u00edtica no funciona. De la misma forma que a las empresas se les exige cada vez con mayor presi\u00f3n, afortunadamente, un comportamiento socialmente responsable, a los pol\u00edticos hay que exigirles un comportamiento profesional y tambi\u00e9n personal a la altura de sus importantes responsabilidades p\u00fablicas. No se trata de un requerimiento menor ni f\u00e1cil de materializar. Pero nos jugamos la p\u00e9rdida absoluta de respeto hacia el estamento pol\u00edtico y, por lo tanto, hacia uno de los ejes de nuestro modelo de organizaci\u00f3n social por excelencia.<\/p>\n","protected":false},"excerpt":{"rendered":"<p>A medida que nos hacemos mayores disminuye nuestra capacidad para sorprendernos. El paso de los a\u00f1os te familiariza con situaciones y hechos extra\u00f1os y singulares, algunos incluso kafkianos. Pero por mucho que uno ya haya visto mundo la capacidad de sorprenderte de la clase pol\u00edtica&#8230;<\/p>\n","protected":false},"author":1,"featured_media":896,"comment_status":"open","ping_status":"open","sticky":false,"template":"","format":"standard","meta":{"footnotes":""},"categories":[421],"tags":[163,187,188,189,54],"home_featured":[],"class_list":["post-1395","post","type-post","status-publish","format-standard","has-post-thumbnail","hentry","category-el-post-es","tag-reputacio","tag-dignitat-institucional","tag-imatge-personal","tag-responsabilitat","tag-politica"],"acf":[],"_links":{"self":[{"href":"https:\/\/www.manifestacom.com\/es\/wp-json\/wp\/v2\/posts\/1395","targetHints":{"allow":["GET"]}}],"collection":[{"href":"https:\/\/www.manifestacom.com\/es\/wp-json\/wp\/v2\/posts"}],"about":[{"href":"https:\/\/www.manifestacom.com\/es\/wp-json\/wp\/v2\/types\/post"}],"author":[{"embeddable":true,"href":"https:\/\/www.manifestacom.com\/es\/wp-json\/wp\/v2\/users\/1"}],"replies":[{"embeddable":true,"href":"https:\/\/www.manifestacom.com\/es\/wp-json\/wp\/v2\/comments?post=1395"}],"version-history":[{"count":1,"href":"https:\/\/www.manifestacom.com\/es\/wp-json\/wp\/v2\/posts\/1395\/revisions"}],"predecessor-version":[{"id":1897,"href":"https:\/\/www.manifestacom.com\/es\/wp-json\/wp\/v2\/posts\/1395\/revisions\/1897"}],"wp:featuredmedia":[{"embeddable":true,"href":"https:\/\/www.manifestacom.com\/es\/wp-json\/wp\/v2\/media\/896"}],"wp:attachment":[{"href":"https:\/\/www.manifestacom.com\/es\/wp-json\/wp\/v2\/media?parent=1395"}],"wp:term":[{"taxonomy":"category","embeddable":true,"href":"https:\/\/www.manifestacom.com\/es\/wp-json\/wp\/v2\/categories?post=1395"},{"taxonomy":"post_tag","embeddable":true,"href":"https:\/\/www.manifestacom.com\/es\/wp-json\/wp\/v2\/tags?post=1395"},{"taxonomy":"home_featured","embeddable":true,"href":"https:\/\/www.manifestacom.com\/es\/wp-json\/wp\/v2\/home_featured?post=1395"}],"curies":[{"name":"wp","href":"https:\/\/api.w.org\/{rel}","templated":true}]}}