{"id":1396,"date":"2013-07-25T15:54:57","date_gmt":"2013-07-25T15:54:57","guid":{"rendered":"http:\/\/www.manifestacom.com\/el-pesame-de-rajoy-un-sentimiento-puede-contener-errores\/"},"modified":"2017-05-09T17:38:11","modified_gmt":"2017-05-09T17:38:11","slug":"el-pesame-de-rajoy-un-sentimiento-puede-contener-errores","status":"publish","type":"post","link":"https:\/\/www.manifestacom.com\/es\/el-pesame-de-rajoy-un-sentimiento-puede-contener-errores\/","title":{"rendered":"El p\u00e9same de Rajoy: \u00bfun sentimiento puede contener errores?"},"content":{"rendered":"<p>En medio de la tragedia del accidente ferroviario en Santiago de Compostela, un <a href=\"http:\/\/www.lavanguardia.com\/local\/galicia\/20130725\/54378846256\/gobierno-mezcla-descarrilamiento-santiago-terremoto-gansu.html\">error de comunicaci\u00f3n<\/a> del Gobierno de Rajoy ha a\u00f1adido al drama. La noche del 24 de julio, el Gobierno emiti\u00f3 un <a href=\"http:\/\/file01.lavanguardia.com\/2013\/07\/25\/54378846351-url.pdf\">comunicado<\/a> de p\u00e9same firmado por el Presidente del Gobierno, Mariano Rajoy. En el mensaje, Rajoy dice estar \u201cconsternado por la noticia\u201d y hace llegar \u201csu m\u00e1s sentido p\u00e9same a las familias\u201d. A continuaci\u00f3n, sin embargo, pasa a hacer referencia al <a href=\"http:\/\/www.ara.cat\/mon\/asia\/Xina-terratremol-Gansu-destroces-morts_0_960504072.html\">terremoto<\/a> ocurrido en China hace unos d\u00edas:<\/p>\n<p style=\"text-align: center;\"><a href=\"http:\/\/www.manifestacom.com\/2013\/07\/25\/el-condol-de-rajoy-un-sentiment-pot-contindre-errors\/comunicado-rajoy-santiago\/\" rel=\"attachment wp-att-1962\"><img loading=\"lazy\" decoding=\"async\" class=\"size-full wp-image-1962 alignnone\" title=\"comunicado-rajoy-santiago\" src=\"http:\/\/www.manifestacom.com\/wp-content\/uploads\/2013\/07\/comunicado-rajoy-santiago.jpg\" alt=\"\" width=\"580\" height=\"664\" \/><\/a>\u201cQuiero transmitirle mi m\u00e1s sentido p\u00e9same por la P\u00e9rdida de vidas humanas y cuantiosos Da\u00f1os materiales que ha traicionado el terremoto que ha tenido Lugar esta madrugada en Gansu. Deseo, en particular, transmitir mis sinceras condolencias a los familiares de los fallecidos\u201d.<\/p>\n<p>Las preguntas se disparan: \u00bfnadie revis\u00f3 un comunicado tan importante? \u00bfse reutiliz\u00f3 un mensaje escrito para una tragedia diferente, en la otra punta del mundo?<\/p>\n<p>En unos momentos en que decenas de familias acaban de perder personas queridas a un servicio p\u00fablico, cualquier comunicaci\u00f3n del Gobierno debe ser aut\u00e9ntica, sentida y trabajada. Un error de comunicaci\u00f3n como el cometido por la Moncloa pone en entredicho la sinceridad del sentimiento expresado, sea cual sea en la realidad. Y hay pocas cosas peores que el p\u00e9same percibido como no sincero.<\/p>\n","protected":false},"excerpt":{"rendered":"<p>En medio de la tragedia del accidente ferroviario en Santiago de Compostela, un error de comunicaci\u00f3n del Gobierno de Rajoy ha a\u00f1adido al drama. La noche del 24 de julio, el Gobierno emiti\u00f3 un comunicado de p\u00e9same firmado por el Presidente del Gobierno, Mariano Rajoy&#8230;.<\/p>\n","protected":false},"author":1,"featured_media":899,"comment_status":"open","ping_status":"open","sticky":false,"template":"","format":"standard","meta":{"footnotes":""},"categories":[422],"tags":[165,190,52,51],"home_featured":[],"class_list":["post-1396","post","type-post","status-publish","format-standard","has-post-thumbnail","hentry","category-la-noticia-y-el-comentario","tag-xarxes","tag-c","tag-comunicacio-politica","tag-comunicacio-de-crisi"],"acf":[],"_links":{"self":[{"href":"https:\/\/www.manifestacom.com\/es\/wp-json\/wp\/v2\/posts\/1396","targetHints":{"allow":["GET"]}}],"collection":[{"href":"https:\/\/www.manifestacom.com\/es\/wp-json\/wp\/v2\/posts"}],"about":[{"href":"https:\/\/www.manifestacom.com\/es\/wp-json\/wp\/v2\/types\/post"}],"author":[{"embeddable":true,"href":"https:\/\/www.manifestacom.com\/es\/wp-json\/wp\/v2\/users\/1"}],"replies":[{"embeddable":true,"href":"https:\/\/www.manifestacom.com\/es\/wp-json\/wp\/v2\/comments?post=1396"}],"version-history":[{"count":1,"href":"https:\/\/www.manifestacom.com\/es\/wp-json\/wp\/v2\/posts\/1396\/revisions"}],"predecessor-version":[{"id":1812,"href":"https:\/\/www.manifestacom.com\/es\/wp-json\/wp\/v2\/posts\/1396\/revisions\/1812"}],"wp:featuredmedia":[{"embeddable":true,"href":"https:\/\/www.manifestacom.com\/es\/wp-json\/wp\/v2\/media\/899"}],"wp:attachment":[{"href":"https:\/\/www.manifestacom.com\/es\/wp-json\/wp\/v2\/media?parent=1396"}],"wp:term":[{"taxonomy":"category","embeddable":true,"href":"https:\/\/www.manifestacom.com\/es\/wp-json\/wp\/v2\/categories?post=1396"},{"taxonomy":"post_tag","embeddable":true,"href":"https:\/\/www.manifestacom.com\/es\/wp-json\/wp\/v2\/tags?post=1396"},{"taxonomy":"home_featured","embeddable":true,"href":"https:\/\/www.manifestacom.com\/es\/wp-json\/wp\/v2\/home_featured?post=1396"}],"curies":[{"name":"wp","href":"https:\/\/api.w.org\/{rel}","templated":true}]}}