{"id":1397,"date":"2013-05-23T00:08:19","date_gmt":"2013-05-23T00:08:19","guid":{"rendered":"http:\/\/www.manifestacom.com\/el-dilema-salvados-aceptar-o-no-aceptar\/"},"modified":"2017-05-08T08:22:18","modified_gmt":"2017-05-08T08:22:18","slug":"el-dilema-salvados-aceptar-o-no-aceptar","status":"publish","type":"post","link":"https:\/\/www.manifestacom.com\/es\/el-dilema-salvados-aceptar-o-no-aceptar\/","title":{"rendered":"El dilema Salvados: \u00bfAceptar o no aceptar?"},"content":{"rendered":"<p>Nos estamos acostumbrando a empezar la semana con <em>trending topics<\/em> y noticias generadas por Salvados, el programa de Jordi \u00c9vole que calienta las noches de los domingos en La Sexta. A menudo el debate se extiende al lunes o incluso m\u00e1s all\u00e1. Y a menudo deja una cierta quemaz\u00f3n en los equipos de comunicaci\u00f3n de los entrevistados desvestidos por Jordi \u00c9vole. El director de cine David Trueba, que <a href=\"http:\/\/www.eldescodificador.com\/tag\/david-trueba\/\">entrevist\u00f3<\/a> a \u00c9vole en el 5 \u00ba aniversario del programa, describi\u00f3 con humor el estilo del periodista: \u201cPienso hacer lo mismo que haces t\u00fa: quedar yo bien y hacer quedar mal al entrevistado\u201d.<\/p>\n<p>Uno de los primeros esc\u00e1ndalos lo protagoniz\u00f3 Cayetano Mart\u00ednez de Irujo, hijo de la Duquesa de Alba, que sali\u00f3 muy mal parado de los veinte minutos de entrevista que concedi\u00f3 a <a href=\"http:\/\/www.lasexta.com\/lasextaon\/salvados\/completos\/salvados__entrevista_a_cayetano_de_alba\/559523\/1\">Salvados<\/a> en diciembre de 2011. Entre otros, dijo perlas como que \u201ccuando ves a la gente joven que no tiene ganas de progresar es grave y esto s\u00f3lo ocurre en Andaluc\u00eda\u201d. El hashtag #cosechandosubvenciones fue trending topic nacional y cuatro d\u00edas despu\u00e9s del programa, 500 jornaleros le ofrec\u00edan a Cayetano m\u00e1s de 1.000 jornaleros disponibles para trabajar. Cayetano rectific\u00f3 entonces diciendo que no se refer\u00eda a todos los andaluces, que son \u201cserios y trabajadores\u201d.<\/p>\n<p><a href=\"http:\/\/www.manifestacom.com\/2013\/05\/23\/el-dilema-salvados-acceptar-o-no-acceptar-2\/evole2-2\/\" rel=\"attachment wp-att-1813\"><img loading=\"lazy\" decoding=\"async\" class=\"aligncenter size-full wp-image-1813\" title=\"evole2\" src=\"http:\/\/www.manifestacom.com\/wp-content\/uploads\/2013\/05\/evole21.jpg\" alt=\"\" width=\"996\" height=\"275\" \/><\/a><\/p>\n<p>Despu\u00e9s ha habido muchos otros a lo largo de los cinco a\u00f1os que el programa lleva en antena, revisados por el <a href=\"http:\/\/www.elperiodico.cat\/ca\/noticias\/tele\/david-trueba-entrevista-jordi-evole-salvados-2322072\">programa especial<\/a> emitido con motivo del aniversario.<\/p>\n<p>No es de extra\u00f1ar pues que empiecen a circular recomendaciones de rechazar las invitaciones de \u00c9vole a participar en el programa. Aceptar o no aceptar, that is the question. Las declaraciones que el ministro de Educaci\u00f3n, Cultura y Deportes Jos\u00e9 Ignacio Wert hizo hace unas semanas a la agencia Reuters <a href=\"http:\/\/www.reuters.com\/article\/2013\/04\/11\/entertainment-us-spain-crisis-tv-idUSBRE93A0CB20130411?feedType=RSS&amp;feedName=entertainmentNews\">resumen<\/a> el dilema: \u201calguna gente est\u00fapida que tengo a mi alrededor en el Ministerio de Educaci\u00f3n insist\u00eda en que fuera al programa, pero mi hijo, que es m\u00e1s listo, me dijo que ni me lo planteara \u201c. \u00c9vole, sin embargo, ya ha demostrado que no pondr\u00e1 las cosas f\u00e1ciles ni a unos ni a otros.<\/p>\n<p>El \u00faltimo esc\u00e1ndalo ha sido el del Presidente de las Cortes Valencianas Juan Cotino, que qued\u00f3 en evidencia neg\u00e1ndose a responder al programa del 28 de abril sobre el tr\u00e1gico accidente en el metro de Valencia. Este caso, que ya <a href=\"http:\/\/www.manifestacom.com\/2013\/04\/30\/evole-el-malson-dels-assessors-de-comunicacio\/\">comentamos<\/a>, es un ejemplo que tratar de evitar la \u00c9vole no es ninguna garant\u00eda de ahorrarse el dolor de cabeza. M\u00e1s bien al contrario.<\/p>\n<p>Es cierto que Salvados es un programa que busca demostrar hip\u00f3tesis previas, una t\u00e9cnica que puede ser tendenciosa en ocasiones. A\u00fan as\u00ed, el programa trata temas delicados-hasta hace poco arrinconados-que la sociedad espa\u00f1ola hace tiempo que reclama, y cuenta con el eco fiel de las redes sociales. \u00c9vole es uno de los periodistas m\u00e1s <a href=\"http:\/\/noticias.lainformacion.com\/deporte\/las-cinco-personas-mejor-valoradas-en-espana-son-deportistas_WUlMMijbLmh2X6xK9DPFx5\/\">populares<\/a> y mejor <a href=\"http:\/\/www.lavanguardia.com\/television\/20130128\/54362466461\/jordi-evole-premio-periodismo-vazquez-montalban.html\">valorados<\/a> actualmente, Salvados bate r\u00e9cords de audiencia semana tras semana y marca la agenda medi\u00e1tica y pol\u00edtica. La guinda la pone de nuevo el programa sobre el accidente de metro de Valencia: hoy hemos <a href=\"http:\/\/www.ara.cat\/paisvalencia\/accident_metro-Valencia-AVM3J-fiscalia-fals_testimoni-denuncia-PSPV_0_919108200.html\">sabido<\/a> que la Fiscal\u00eda Superior de la Comunidad Valenciana estudia reabrir la investigaci\u00f3n por un delito de falso testimonio. Y para hacerlo, tiene en su poder una copia del Salvados.<\/p>\n<p>Tratar de huir o esconderse no es, pues, una opci\u00f3n (no lo es nunca desde la perspectiva de la gesti\u00f3n de comunicaci\u00f3n de crisis), s\u00f3lo hay una salida: aceptar el reto y estar preparados. A quien est\u00e1 convencido de sus argumentos y preparado para exponerlos, no le importa qui\u00e9n le entreviste.<\/p>\n","protected":false},"excerpt":{"rendered":"<p>Nos estamos acostumbrando a empezar la semana con trending topics y noticias generadas por Salvados, el programa de Jordi \u00c9vole que calienta las noches de los domingos en La Sexta. A menudo el debate se extiende al lunes o incluso m\u00e1s all\u00e1. Y a menudo&#8230;<\/p>\n","protected":false},"author":1,"featured_media":902,"comment_status":"open","ping_status":"open","sticky":false,"template":"","format":"standard","meta":{"footnotes":""},"categories":[421],"tags":[163,165,53,96,51],"home_featured":[],"class_list":["post-1397","post","type-post","status-publish","format-standard","has-post-thumbnail","hentry","category-el-post-es","tag-reputacio","tag-xarxes","tag-percepcio-publica","tag-corporatiu","tag-comunicacio-de-crisi"],"acf":[],"_links":{"self":[{"href":"https:\/\/www.manifestacom.com\/es\/wp-json\/wp\/v2\/posts\/1397","targetHints":{"allow":["GET"]}}],"collection":[{"href":"https:\/\/www.manifestacom.com\/es\/wp-json\/wp\/v2\/posts"}],"about":[{"href":"https:\/\/www.manifestacom.com\/es\/wp-json\/wp\/v2\/types\/post"}],"author":[{"embeddable":true,"href":"https:\/\/www.manifestacom.com\/es\/wp-json\/wp\/v2\/users\/1"}],"replies":[{"embeddable":true,"href":"https:\/\/www.manifestacom.com\/es\/wp-json\/wp\/v2\/comments?post=1397"}],"version-history":[{"count":1,"href":"https:\/\/www.manifestacom.com\/es\/wp-json\/wp\/v2\/posts\/1397\/revisions"}],"predecessor-version":[{"id":1653,"href":"https:\/\/www.manifestacom.com\/es\/wp-json\/wp\/v2\/posts\/1397\/revisions\/1653"}],"wp:featuredmedia":[{"embeddable":true,"href":"https:\/\/www.manifestacom.com\/es\/wp-json\/wp\/v2\/media\/902"}],"wp:attachment":[{"href":"https:\/\/www.manifestacom.com\/es\/wp-json\/wp\/v2\/media?parent=1397"}],"wp:term":[{"taxonomy":"category","embeddable":true,"href":"https:\/\/www.manifestacom.com\/es\/wp-json\/wp\/v2\/categories?post=1397"},{"taxonomy":"post_tag","embeddable":true,"href":"https:\/\/www.manifestacom.com\/es\/wp-json\/wp\/v2\/tags?post=1397"},{"taxonomy":"home_featured","embeddable":true,"href":"https:\/\/www.manifestacom.com\/es\/wp-json\/wp\/v2\/home_featured?post=1397"}],"curies":[{"name":"wp","href":"https:\/\/api.w.org\/{rel}","templated":true}]}}