{"id":1400,"date":"2012-03-02T18:30:26","date_gmt":"2012-03-02T18:30:26","guid":{"rendered":"http:\/\/www.manifestacom.com\/el-mobile-world-congress-supera-las-previsiones-y-cierra-con-67-000-visitantes\/"},"modified":"2017-05-11T13:27:28","modified_gmt":"2017-05-11T13:27:28","slug":"el-mobile-world-congress-supera-las-previsiones-y-cierra-con-67-000-visitantes","status":"publish","type":"post","link":"https:\/\/www.manifestacom.com\/es\/el-mobile-world-congress-supera-las-previsiones-y-cierra-con-67-000-visitantes\/","title":{"rendered":"El Mobile World Congress supera las previsiones y cierra con 67.000 visitantes"},"content":{"rendered":"<p>El congreso mundial de telefon\u00eda m\u00f3vil ha cerrado sus puertas con cifras r\u00e9cord tanto en visitantes como en ingresos para la ciudad, un \u00e9xito que ha superado las previsiones de la organizaci\u00f3n y del cual la ciudad de Barcelona sale reforzada, posicion\u00e1ndose como referente de las nuevas tecnolog\u00edas y las telecomunicaciones.<\/p>\n<p>El <a href=\"http:\/\/www.lavanguardia.com\/tecnologia\/20120302\/54262509542\/mobile-world-congress-deja-300-millones-beneficios-barcelona.html\" target=\"_blank\">Mobile World Congress<\/a> (MWC) de este a\u00f1o ha cerrado con m\u00e1s de 67.000 visitantes y unos beneficios para la ciudad de m\u00e1s de 300 millones de euros. A pesar de la incertidumbre de las semanas previas, ante la convocatoria de huelga de los trabajadores de TMB, la cita abri\u00f3 sus puertas el pasado lunes con el objetivo de batir r\u00e9cord y as\u00ed ha sido.<\/p>\n<p>La celebraci\u00f3n del congreso mundial de telefon\u00eda es un est\u00edmulo imprescindible para la actividad econ\u00f3mica de Barcelona. Una cita como esta pone a prueba los servicios de la ciudad y Barcelona ha demostrado estar a la altura. El <a href=\"http:\/\/www.mobileworldcongress.com\/index.html\" target=\"_blank\">Mobile World Congress<\/a> es el exponente del turismo de negocios que necesitamos como pa\u00eds y ciudad y el \u00e9xito organizativo un aval perfecto para la organizaci\u00f3n y celebraci\u00f3n de futuros eventos internacionales. Este a\u00f1o ha sido la \u00faltima edici\u00f3n del MWC antes de poner en marcha la capitalidad mundial del m\u00f3vil en Barcelona, desde 2013 y hasta el a\u00f1o 2018. Un proyecto que, sin duda, consolidar\u00e1 la imagen internacional de Barcelona como referente de la alta tecnolog\u00eda.<\/p>\n","protected":false},"excerpt":{"rendered":"<p>El congreso mundial de telefon\u00eda m\u00f3vil ha cerrado sus puertas con cifras r\u00e9cord tanto en visitantes como en ingresos para la ciudad, un \u00e9xito que ha superado las previsiones de la organizaci\u00f3n y del cual la ciudad de Barcelona sale reforzada, posicion\u00e1ndose como referente de&#8230;<\/p>\n","protected":false},"author":1,"featured_media":911,"comment_status":"open","ping_status":"open","sticky":false,"template":"","format":"standard","meta":{"footnotes":""},"categories":[422],"tags":[436,200,202,177,98,104],"home_featured":[],"class_list":["post-1400","post","type-post","status-publish","format-standard","has-post-thumbnail","hentry","category-la-noticia-y-el-comentario","tag-telecomunicacions-es","tag-fira-de-barcelona","tag-telefonia-mobil","tag-tic","tag-economia","tag-barcelona"],"acf":[],"_links":{"self":[{"href":"https:\/\/www.manifestacom.com\/es\/wp-json\/wp\/v2\/posts\/1400","targetHints":{"allow":["GET"]}}],"collection":[{"href":"https:\/\/www.manifestacom.com\/es\/wp-json\/wp\/v2\/posts"}],"about":[{"href":"https:\/\/www.manifestacom.com\/es\/wp-json\/wp\/v2\/types\/post"}],"author":[{"embeddable":true,"href":"https:\/\/www.manifestacom.com\/es\/wp-json\/wp\/v2\/users\/1"}],"replies":[{"embeddable":true,"href":"https:\/\/www.manifestacom.com\/es\/wp-json\/wp\/v2\/comments?post=1400"}],"version-history":[{"count":1,"href":"https:\/\/www.manifestacom.com\/es\/wp-json\/wp\/v2\/posts\/1400\/revisions"}],"predecessor-version":[{"id":1898,"href":"https:\/\/www.manifestacom.com\/es\/wp-json\/wp\/v2\/posts\/1400\/revisions\/1898"}],"wp:featuredmedia":[{"embeddable":true,"href":"https:\/\/www.manifestacom.com\/es\/wp-json\/wp\/v2\/media\/911"}],"wp:attachment":[{"href":"https:\/\/www.manifestacom.com\/es\/wp-json\/wp\/v2\/media?parent=1400"}],"wp:term":[{"taxonomy":"category","embeddable":true,"href":"https:\/\/www.manifestacom.com\/es\/wp-json\/wp\/v2\/categories?post=1400"},{"taxonomy":"post_tag","embeddable":true,"href":"https:\/\/www.manifestacom.com\/es\/wp-json\/wp\/v2\/tags?post=1400"},{"taxonomy":"home_featured","embeddable":true,"href":"https:\/\/www.manifestacom.com\/es\/wp-json\/wp\/v2\/home_featured?post=1400"}],"curies":[{"name":"wp","href":"https:\/\/api.w.org\/{rel}","templated":true}]}}