{"id":1401,"date":"2013-08-19T10:51:55","date_gmt":"2013-08-19T10:51:55","guid":{"rendered":"http:\/\/www.manifestacom.com\/el-nombre-si-importa-el-banco-mundial-dice-adios-a-los-paises-en-desarrollo\/"},"modified":"2013-08-19T10:51:55","modified_gmt":"2013-08-19T10:51:55","slug":"el-nombre-si-importa-el-banco-mundial-dice-adios-a-los-paises-en-desarrollo","status":"publish","type":"post","link":"https:\/\/www.manifestacom.com\/es\/el-nombre-si-importa-el-banco-mundial-dice-adios-a-los-paises-en-desarrollo\/","title":{"rendered":"El nombre s\u00ed importa: el Banco Mundial dice adi\u00f3s a los \u00abpa\u00edses en desarrollo\u00bb"},"content":{"rendered":"<p><a href=\"http:\/\/www.manifestacom.com\/wp-content\/uploads\/2016\/06\/indicatorsFotoBona.png\"><img loading=\"lazy\" decoding=\"async\" class=\"wp-image-3078 alignleft\" title=\"indicatorsFotoBona\" src=\"http:\/\/www.manifestacom.com\/wp-content\/uploads\/2016\/06\/indicatorsFotoBona-449x580.png\" alt=\"\" width=\"274\" height=\"353\" \/><\/a>Adi\u00f3s a los \u00abpa\u00edses en desarrollo\u00bb. Al menos en t\u00e9rminos de nomenclatura. El Banco Mundial (BM) ha <a href=\"http:\/\/www.lavanguardia.com\/economia\/20160523\/401977061740\/banco-mundial-elimina-termino-paises-en-vias-de-desarrollo.html\" target=\"_blank\">decidido <\/a>dejar de utilizar esta expresi\u00f3n heredera de las menos pol\u00edticamente correctas \u00abtercer mundo\u00bb y \u00abpa\u00edses subdesarrollados\u00bb, que durante d\u00e9cadas se ha aplicado a un grupo de econom\u00edas muy dispares, desde gigantes como China o la India a pa\u00edses como M\u00e9xico, Indonesia o Malawi.<\/p>\n<p>El Banco Mundial ha aprovechado la publicaci\u00f3n anual de sus <a href=\"http:\/\/blogs.worldbank.org\/opendata\/2016-edition-world-development-indicators-out-three-features-you-won-t-want-miss\" target=\"_blank\">Indicadores de Desarrollo Mundial<\/a> para anunciar un cambio en las clasificaciones de los pa\u00edses del mundo, seg\u00fan el cual \u00abpa\u00edses en desarrollo\u00bb pasa a ser una etiqueta no recomendada, que por primera vez la instituci\u00f3n no sustituye por otra que suene m\u00e1s pol\u00edticamente correcta. Esta vez, parece, el cambio es m\u00e1s profundo, y apuesta por superar la cl\u00e1sica distinci\u00f3n entre pa\u00edses desarrollados y los que no lo son.<\/p>\n<p>\u00abYa no distinguimos entre pa\u00edses desarrollados y pa\u00edses en v\u00edas de desarrollo\u00bb, explica la organizaci\u00f3n multilateral. \u00abCada vez es menos relevante, ya que los actuales <a href=\"http:\/\/www.un.org\/sustainabledevelopment\/es\/\" target=\"_blank\">Objetivos de Desarrollo Sostenible<\/a> se fijan en el mundo como conjunto, deber\u00edamos dejar de utilizar el t\u00e9rmino &#8216;mundo desarrollado&#8217; en nuestros informes y bases de datos\u00bb.<\/p>\n<p>Y entonces, \u00bfqu\u00e9? El BM apuesta por inaugurar un abanico m\u00e1s amplio de etiquetas clasificatorias, m\u00e1s espec\u00edficas y por lo tanto m\u00e1s pr\u00e1cticas para describir el complejo mundo en que vivimos, basadas en par\u00e1metros geogr\u00e1ficos y de nivel de renta. Por ejemplo, la India ahora formar\u00e1 parte del grupo \u00abrenta baja-media\u00bb, mientras que M\u00e9xico, China y Brasil son ahora de \u00abrenta alta-media\u00bb, y Malawi \u00abde renta baja\u00bb.<\/p>\n<p>Ahora que el Banco Mundial ha dado el paso, muchos esperan que marque tendencia y le sigan otras instituciones globales como las Naciones Unidas o el Fondo Monetario Internacional, as\u00ed como los medios de comunicaci\u00f3n de todo el mundo. Pero encontrar etiquetas adecuadas\u00a0 y determinar los factores de desarrollo no es tarea f\u00e1cil. El debate est\u00e1 abierto.<\/p>\n","protected":false},"excerpt":{"rendered":"<p>Adi\u00f3s a los \u00abpa\u00edses en desarrollo\u00bb. Al menos en t\u00e9rminos de nomenclatura. El Banco Mundial (BM) ha decidido dejar de utilizar esta expresi\u00f3n heredera de las menos pol\u00edticamente correctas \u00abtercer mundo\u00bb y \u00abpa\u00edses subdesarrollados\u00bb, que durante d\u00e9cadas se ha aplicado a un grupo de econom\u00edas&#8230;<\/p>\n","protected":false},"author":1,"featured_media":914,"comment_status":"open","ping_status":"open","sticky":false,"template":"","format":"standard","meta":{"footnotes":""},"categories":[421],"tags":[203,204,205],"home_featured":[],"class_list":["post-1401","post","type-post","status-publish","format-standard","has-post-thumbnail","hentry","category-el-post-es","tag-banco-mundial","tag-desarrollo","tag-lenguaje"],"acf":[],"_links":{"self":[{"href":"https:\/\/www.manifestacom.com\/es\/wp-json\/wp\/v2\/posts\/1401","targetHints":{"allow":["GET"]}}],"collection":[{"href":"https:\/\/www.manifestacom.com\/es\/wp-json\/wp\/v2\/posts"}],"about":[{"href":"https:\/\/www.manifestacom.com\/es\/wp-json\/wp\/v2\/types\/post"}],"author":[{"embeddable":true,"href":"https:\/\/www.manifestacom.com\/es\/wp-json\/wp\/v2\/users\/1"}],"replies":[{"embeddable":true,"href":"https:\/\/www.manifestacom.com\/es\/wp-json\/wp\/v2\/comments?post=1401"}],"version-history":[{"count":0,"href":"https:\/\/www.manifestacom.com\/es\/wp-json\/wp\/v2\/posts\/1401\/revisions"}],"wp:featuredmedia":[{"embeddable":true,"href":"https:\/\/www.manifestacom.com\/es\/wp-json\/wp\/v2\/media\/914"}],"wp:attachment":[{"href":"https:\/\/www.manifestacom.com\/es\/wp-json\/wp\/v2\/media?parent=1401"}],"wp:term":[{"taxonomy":"category","embeddable":true,"href":"https:\/\/www.manifestacom.com\/es\/wp-json\/wp\/v2\/categories?post=1401"},{"taxonomy":"post_tag","embeddable":true,"href":"https:\/\/www.manifestacom.com\/es\/wp-json\/wp\/v2\/tags?post=1401"},{"taxonomy":"home_featured","embeddable":true,"href":"https:\/\/www.manifestacom.com\/es\/wp-json\/wp\/v2\/home_featured?post=1401"}],"curies":[{"name":"wp","href":"https:\/\/api.w.org\/{rel}","templated":true}]}}