{"id":1402,"date":"2013-09-10T16:32:25","date_gmt":"2013-09-10T16:32:25","guid":{"rendered":"http:\/\/www.manifestacom.com\/el-poderoso-mensaje-de-la-via-catalana\/"},"modified":"2017-05-08T19:30:16","modified_gmt":"2017-05-08T19:30:16","slug":"el-poderoso-mensaje-de-la-via-catalana","status":"publish","type":"post","link":"https:\/\/www.manifestacom.com\/es\/el-poderoso-mensaje-de-la-via-catalana\/","title":{"rendered":"El poderoso mensaje de la V\u00eda Catalana"},"content":{"rendered":"<p style=\"text-align: left;\"><a href=\"http:\/\/www.manifestacom.com\/2013\/09\/10\/el-poderos-missatge-de-la-via-catalana\/11s2013\/\" rel=\"attachment wp-att-2061\"><img loading=\"lazy\" decoding=\"async\" class=\"aligncenter\" title=\"#11s2013\" src=\"http:\/\/www.manifestacom.com\/wp-content\/uploads\/2013\/09\/11s2013.jpeg\" alt=\"\" width=\"663\" height=\"256\" \/><\/a>Ha sido preparada a conciencia, cuidando cada detalle y definiendo con extrema precauci\u00f3n todos los escenarios posibles. La V\u00eda Catalana que se celebrar\u00e1 ma\u00f1ana bajo la batuta de la <a href=\"http:\/\/assemblea.cat\/\" target=\"_blank\">Asamblea Nacional Catalana<\/a> (ANC) ser\u00e1 previsiblemente la <a href=\"http:\/\/www.officialworldrecord.com\/events\/human-chain-catalonia\/\" target=\"_blank\">cadena humana m\u00e1s larga<\/a> que se haya organizado nunca en los territorios de la Uni\u00f3n Europea. Una acci\u00f3n de impacto sin -o con muy pocos- precedentes, un reto log\u00edstico que pone de manifiesto el potencial de las nuevas tecnolog\u00edas de Internet para la organizaci\u00f3n civil y pol\u00edtica.<\/p>\n<p>Cualquiera con un m\u00ednimo experiencia en el \u00e1mbito de la comunicaci\u00f3n p\u00fablica sabe lo dif\u00edcil que es conseguir movilizar un n\u00famero significativo de personas para que simplemente salgan a la puerta de casa. En la <a href=\"http:\/\/via.assemblea.cat\/\" target=\"_blank\">V\u00eda<\/a> hay 400.000 personas registradas. 400.000 personas que han accedido a facilitar sus datos de contacto a una asociaci\u00f3n privada y se han comprometido no s\u00f3lo a salir a la puerta de casa, sino a desplazarse hasta el tramo asignado.<\/p>\n<p>La cifra de participantes registrados no es la \u00fanica que habla. La cadena de gente enlazada por las manos recorrer\u00e1 400 km y atravesar\u00e1 86 municipios. M\u00e1s de 1.000 autobuses distribuir\u00e1n las personas por los diferentes tramos. 800 fot\u00f3grafos voluntarios y 24 aviones grabar\u00e1n la cadena.<\/p>\n<p>Los mensajes que la V\u00eda comunica a los gobiernos catal\u00e1n y espa\u00f1ol, y al mundo, son fuertes y claros:<\/p>\n<ol>\n<li>Hay muchos ciudadanos convencidos de que la independencia es la mejor opci\u00f3n para Catalu\u00f1a.<\/li>\n<li>Hay muchas personas dispuestas a hacer esfuerzos para impulsar el proceso.<\/li>\n<li>Este ejercicio de base social se est\u00e1 haciendo de forma absolutamente pac\u00edfica.<\/li>\n<li>Catalu\u00f1a y su relaci\u00f3n y di\u00e1logo con Espa\u00f1a est\u00e1n en el centro de la atenci\u00f3n medi\u00e1tica y pol\u00edtica internacional.<\/li>\n<\/ol>\n<p>Habr\u00e1 que ver y analizar las diferentes interpretaciones al d\u00eda siguiente. Habr\u00e1 para todos los gustos. Ser\u00e1 un ejercicio de comunicaci\u00f3n interesante.<\/p>\n","protected":false},"excerpt":{"rendered":"<p>Ha sido preparada a conciencia, cuidando cada detalle y definiendo con extrema precauci\u00f3n todos los escenarios posibles. La V\u00eda Catalana que se celebrar\u00e1 ma\u00f1ana bajo la batuta de la Asamblea Nacional Catalana (ANC) ser\u00e1 previsiblemente la cadena humana m\u00e1s larga que se haya organizado nunca&#8230;<\/p>\n","protected":false},"author":1,"featured_media":917,"comment_status":"open","ping_status":"open","sticky":false,"template":"","format":"standard","meta":{"footnotes":""},"categories":[422],"tags":[207,208,209,206],"home_featured":[],"class_list":["post-1402","post","type-post","status-publish","format-standard","has-post-thumbnail","hentry","category-la-noticia-y-el-comentario","tag-catalunya","tag-diada","tag-via-catalana","tag-cadena-humana"],"acf":[],"_links":{"self":[{"href":"https:\/\/www.manifestacom.com\/es\/wp-json\/wp\/v2\/posts\/1402","targetHints":{"allow":["GET"]}}],"collection":[{"href":"https:\/\/www.manifestacom.com\/es\/wp-json\/wp\/v2\/posts"}],"about":[{"href":"https:\/\/www.manifestacom.com\/es\/wp-json\/wp\/v2\/types\/post"}],"author":[{"embeddable":true,"href":"https:\/\/www.manifestacom.com\/es\/wp-json\/wp\/v2\/users\/1"}],"replies":[{"embeddable":true,"href":"https:\/\/www.manifestacom.com\/es\/wp-json\/wp\/v2\/comments?post=1402"}],"version-history":[{"count":1,"href":"https:\/\/www.manifestacom.com\/es\/wp-json\/wp\/v2\/posts\/1402\/revisions"}],"predecessor-version":[{"id":1738,"href":"https:\/\/www.manifestacom.com\/es\/wp-json\/wp\/v2\/posts\/1402\/revisions\/1738"}],"wp:featuredmedia":[{"embeddable":true,"href":"https:\/\/www.manifestacom.com\/es\/wp-json\/wp\/v2\/media\/917"}],"wp:attachment":[{"href":"https:\/\/www.manifestacom.com\/es\/wp-json\/wp\/v2\/media?parent=1402"}],"wp:term":[{"taxonomy":"category","embeddable":true,"href":"https:\/\/www.manifestacom.com\/es\/wp-json\/wp\/v2\/categories?post=1402"},{"taxonomy":"post_tag","embeddable":true,"href":"https:\/\/www.manifestacom.com\/es\/wp-json\/wp\/v2\/tags?post=1402"},{"taxonomy":"home_featured","embeddable":true,"href":"https:\/\/www.manifestacom.com\/es\/wp-json\/wp\/v2\/home_featured?post=1402"}],"curies":[{"name":"wp","href":"https:\/\/api.w.org\/{rel}","templated":true}]}}