{"id":1409,"date":"2012-06-04T05:10:40","date_gmt":"2012-06-04T05:10:40","guid":{"rendered":"http:\/\/www.manifestacom.com\/el-rescate-de-bankia-o-la-perdida-de-confianza\/"},"modified":"2017-05-12T09:11:07","modified_gmt":"2017-05-12T09:11:07","slug":"el-rescate-de-bankia-o-la-perdida-de-confianza","status":"publish","type":"post","link":"https:\/\/www.manifestacom.com\/es\/el-rescate-de-bankia-o-la-perdida-de-confianza\/","title":{"rendered":"El rescate de Bankia o la p\u00e9rdida de confianza"},"content":{"rendered":"<p><strong>\u00bfQui\u00e9n hubiera dicho hace tres a\u00f1os que el proclamado como mod\u00e9lico sector financiero espa\u00f1ol se encontrar\u00eda en la dif\u00edcil situaci\u00f3n actual? El caso de Bankia nos ha situado ante el <a title=\"mayor rescate bancario\" href=\"http:\/\/www.20minutos.es\/noticia\/1480597\/0\/claves\/rescate\/bankia\/\" target=\"_blank\">mayor rescate bancario<\/a> que ha tenido lugar en Espa\u00f1a fruto, entre otras causas, de la acumulaci\u00f3n de activos t\u00f3xicos, eminentemente inmobiliarios.<\/strong><\/p>\n<p>En la situaci\u00f3n actual de recortes presupuestarios en educaci\u00f3n, sanidad, investigaci\u00f3n, infraestructuras y un largo etc\u00e9tera de materias b\u00e1sicas para el progreso econ\u00f3mico y social del pa\u00eds, as\u00ed como de amenazas de <a title=\"intervenci\u00f3n y recentralizaci\u00f3n de las autonom\u00edas\" href=\"http:\/\/www.elperiodico.com\/es\/noticias\/politica\/montoro-pide-responsabilidad-todos-los-grupos-para-que-apoyen-los-presupuestos-1702561\" target=\"_blank\">intervenci\u00f3n y recentralizaci\u00f3n de las autonom\u00edas<\/a>, es dif\u00edcil encajar que el Gobierno vaya a inyectar en Bankia \u2014en efectivo a trav\u00e9s de emisiones del Tesoro\u2014 m\u00e1s de 23.000 millones de euros.<\/p>\n<p>Este no es el primer rescate ni el \u00faltimo que sufren nuestras instituciones bancarias pero s\u00ed es el m\u00e1s cuantioso y el que m\u00e1s ha exaltado el \u00e1nimo de la opini\u00f3n p\u00fablica. Primero, por la ingente cantidad de dinero p\u00fablico que supone dicha intervenci\u00f3n pero, sobre todo, por la falta de voluntad para depurar responsabilidades por el agujero destapado. Las <a title=\"p\u00e9rdidas del grupo Bankia\" href=\"http:\/\/www.elperiodico.com\/es\/noticias\/economia\/matriz-bankia-declara-perdidas-3318-millones-2011-mantiene-composicion-del-consejo-1846861?utm_source=newsletter&amp;utm_medium=email&amp;utm_campaign=elPeriodico-matutina\" target=\"_blank\">p\u00e9rdidas del grupo Bankia<\/a>, las mayores de la historia financiera de Espa\u00f1a, se cifran en 3.318 millones de euros frente a las ganancias de 41 millones de euros en las cuentas dadas por buenas por el equipo de Rodrigo Rato.<\/p>\n<p>Por otro lado, este rescate es el que m\u00e1s desconfianza ha generado tanto entre los ciudadanos como entre inversores y estados. Y es que lo que al principio se cuantific\u00f3 en cerca de 4.500 millones euros ahora ha crecido a m\u00e1s de 23.000.<\/p>\n<p>La desafortunada <a title=\"intervenci\u00f3n de Mariano Rajoy\" href=\"http:\/\/www.rtve.es\/alacarta\/videos\/noticias-24-horas\/comparecencia-integra-rajoy-sede-popular-genova\/1422520\/\" target=\"_blank\">intervenci\u00f3n de Mariano Rajoy, el lunes 28 desde la sede del PP<\/a>, no ha ayudado a aplacar el desasosiego generalizado. Sus asesores de comunicaci\u00f3n debieron haberle alertado sobre las consecuencias de organizar una rueda de prensa sobre el tema en G\u00e9nova y no desde Moncloa.<\/p>\n<p>Si entramos en el contenido de su discurso ser\u00eda l\u00f3gico pensar que el representante de todos los espa\u00f1oles querr\u00eda saber c\u00f3mo Bankia ha llegado a ser un lastre para los ciudadanos. Sin embargo, Rajoy ha vuelto a considerar innecesario abrir una comisi\u00f3n de investigaci\u00f3n para depurar responsabilidades en el caso.<\/p>\n<p>No deben ser del mismo parecer los accionistas y clientes del grupo ni el conjunto de la ciudadan\u00eda que pagar\u00e1 a 497 euros por persona esa inyecci\u00f3n de capital. Por el bien de la democracia, es necesario que, como ocurri\u00f3 con <a title=\"Banesto o la CAM\" href=\"http:\/\/politica.elpais.com\/politica\/2012\/05\/28\/actualidad\/1338200565_087531.html\" target=\"_blank\">Banesto o la CAM<\/a>, se hagan p\u00fablicos las causas y los responsables que han abocado a la cuarta entidad bancaria del pa\u00eds a esta situaci\u00f3n.<\/p>\n<p>Otro punto relevante en el discurso de Rajoy ha sido la desvinculaci\u00f3n del aumento de la prima de riesgo del caso Bankia y de la convulsi\u00f3n de nuestro sistema financiero. No obstante, a los ojos de expertos y profanos en la materia se hace muy dif\u00edcil desligarlos pues cuanto mayor es la incertidumbre m\u00e1s sube la prima y m\u00e1s cae la bolsa, que en mayo ha acumulado un descenso del 10%.<\/p>\n<p>A modo de ejemplo, el rev\u00e9s que ha supuesto el rechazo del Banco Central Europeo (BCE) al plan presentado por el Ejecutivo para sanear la entidad, a trav\u00e9s de la emisi\u00f3n de deuda que posteriormente Bankia podr\u00eda utilizar como garant\u00eda ante el BCE para obtener liquidez, ha hecho peligrar el mi\u00e9rcoles 30 de mayo la barrera de los 6.200 puntos del Ibex-35 y ha impulsado la <a title=\"prima de riesgo hasta los 540 puntos\" href=\"http:\/\/www.lavanguardia.com\/economia\/20120530\/54301812635\/la-bolsa-no-toca-fondo-y-prima-de-riesgo-sube-hasta-516-puntos.html\" target=\"_blank\">prima de riesgo hasta los 540 puntos<\/a>.<\/p>\n<p>El presidente del Gobierno tambi\u00e9n <a title=\"ha negado que la banca espa\u00f1ola vaya a necesitar un rescate\" href=\"http:\/\/www.elperiodico.com\/es\/noticias\/politica\/rajoy-comparece-tras-comite-ejecutivo-1844701\" target=\"_blank\">ha negado que la banca espa\u00f1ola vaya a necesitar un rescate <\/a>y ha declarado que la nacionalizaci\u00f3n de Bankia supone coger el toro por los cuernos. Quiz\u00e1 nos hubiera ido mejor si las nacionalizaciones de los \u00faltimos tiempos se hubieran producido antes, siguiendo la estela <a title=\"brit\u00e1nica\" href=\"http:\/\/www.lavanguardia.com\/economia\/20081012\/53558780303\/el-gobierno-britanico-lanza-el-mayor-plan-para-salvar-a-cuatro-grandes-bancos.html\" target=\"_blank\">brit\u00e1nica<\/a>.<\/p>\n<p>Ahora hace falta un ejercicio de sinceridad, despojarnos de nuestro orgullo y admitir los errores propios y ajenos para seguir adelante en esta larga carrera de fondo que ser\u00e1 la salida de la crisis. S\u00f3lo profundizando en la cuesti\u00f3n renovaremos la confianza en nuestra econom\u00eda.<\/p>\n","protected":false},"excerpt":{"rendered":"<p>\u00bfQui\u00e9n hubiera dicho hace tres a\u00f1os que el proclamado como mod\u00e9lico sector financiero espa\u00f1ol se encontrar\u00eda en la dif\u00edcil situaci\u00f3n actual? El caso de Bankia nos ha situado ante el mayor rescate bancario que ha tenido lugar en Espa\u00f1a fruto, entre otras causas, de la&#8230;<\/p>\n","protected":false},"author":1,"featured_media":938,"comment_status":"open","ping_status":"open","sticky":false,"template":"","format":"standard","meta":{"footnotes":""},"categories":[422],"tags":[],"home_featured":[],"class_list":["post-1409","post","type-post","status-publish","format-standard","has-post-thumbnail","hentry","category-la-noticia-y-el-comentario"],"acf":[],"_links":{"self":[{"href":"https:\/\/www.manifestacom.com\/es\/wp-json\/wp\/v2\/posts\/1409","targetHints":{"allow":["GET"]}}],"collection":[{"href":"https:\/\/www.manifestacom.com\/es\/wp-json\/wp\/v2\/posts"}],"about":[{"href":"https:\/\/www.manifestacom.com\/es\/wp-json\/wp\/v2\/types\/post"}],"author":[{"embeddable":true,"href":"https:\/\/www.manifestacom.com\/es\/wp-json\/wp\/v2\/users\/1"}],"replies":[{"embeddable":true,"href":"https:\/\/www.manifestacom.com\/es\/wp-json\/wp\/v2\/comments?post=1409"}],"version-history":[{"count":2,"href":"https:\/\/www.manifestacom.com\/es\/wp-json\/wp\/v2\/posts\/1409\/revisions"}],"predecessor-version":[{"id":1935,"href":"https:\/\/www.manifestacom.com\/es\/wp-json\/wp\/v2\/posts\/1409\/revisions\/1935"}],"wp:featuredmedia":[{"embeddable":true,"href":"https:\/\/www.manifestacom.com\/es\/wp-json\/wp\/v2\/media\/938"}],"wp:attachment":[{"href":"https:\/\/www.manifestacom.com\/es\/wp-json\/wp\/v2\/media?parent=1409"}],"wp:term":[{"taxonomy":"category","embeddable":true,"href":"https:\/\/www.manifestacom.com\/es\/wp-json\/wp\/v2\/categories?post=1409"},{"taxonomy":"post_tag","embeddable":true,"href":"https:\/\/www.manifestacom.com\/es\/wp-json\/wp\/v2\/tags?post=1409"},{"taxonomy":"home_featured","embeddable":true,"href":"https:\/\/www.manifestacom.com\/es\/wp-json\/wp\/v2\/home_featured?post=1409"}],"curies":[{"name":"wp","href":"https:\/\/api.w.org\/{rel}","templated":true}]}}