{"id":1410,"date":"2015-09-07T19:59:36","date_gmt":"2015-09-07T19:59:36","guid":{"rendered":"http:\/\/www.manifestacom.com\/el-roto-y-el-nino-aylan-una-imagen-vale-mas-que-mil-ahogados\/"},"modified":"2017-05-18T18:18:54","modified_gmt":"2017-05-18T18:18:54","slug":"el-roto-y-el-nino-aylan-una-imagen-vale-mas-que-mil-ahogados","status":"publish","type":"post","link":"https:\/\/www.manifestacom.com\/es\/el-roto-y-el-nino-aylan-una-imagen-vale-mas-que-mil-ahogados\/","title":{"rendered":"El Roto y el ni\u00f1o Aylan: \u201cuna imagen vale m\u00e1s que mil ahogados\u201d"},"content":{"rendered":"<p>A veces una simple imagen es la mejor manera de poner el punto a la i.<\/p>\n<p>El Roto la ha clavado con su vi\u00f1eta sobre el ni\u00f1o Aylan publicada en el diario <a href=\"http:\/\/elpais.com\/elpais\/2015\/09\/04\/vinetas\/1441363850_482908.html?id_externo_rsoc=TW_CM\" target=\"_blank\">El Pa\u00eds<\/a> y compartida en Twitter: \u201cuna imagen vale m\u00e1s que mil ahogados\u201d.<\/p>\n<blockquote class=\"twitter-tweet\" lang=\"en\">\n<p dir=\"ltr\" lang=\"und\">04\/09\/2015 <a href=\"http:\/\/t.co\/SX0SBxsvfK\">pic.twitter.com\/SX0SBxsvfK<\/a><\/p>\n<p>\u2014 El Roto (@VinetaElRoto) <a href=\"https:\/\/twitter.com\/VinetaElRoto\/status\/639922731522371584\">September 4, 2015<\/a><\/p><\/blockquote>\n<p>La fotograf\u00eda del cuerpo sin vida de Aylan Kurdi, el ni\u00f1o kurdo sirio de tres a\u00f1os que ha perdido la vida en las costas turcas cuando su familia trataba de buscar asilo en Europa, ha dado la vuelta al mundo. Y de golpe se ha disparado la sensibilidad frente a la crisis humanitaria que est\u00e1 viviendo Europa. Pero el drama de los refugiados hace meses, en realidad a\u00f1os, que dura, y antes de Aylan muchos otros ni\u00f1os, y ni\u00f1as, y hombres y mujeres y ancianos, murieron de la misma enfermedad: la falta de una pol\u00edtica de migraciones europea.<\/p>\n<p>Mejor es despertar tarde que nunca, pero\u2026 \u00a1como somos, los humanos!<\/p>\n","protected":false},"excerpt":{"rendered":"<p>A veces una simple imagen es la mejor manera de poner el punto a la i. El Roto la ha clavado con su vi\u00f1eta sobre el ni\u00f1o Aylan publicada en el diario El Pa\u00eds y compartida en Twitter: \u201cuna imagen vale m\u00e1s que mil ahogados\u201d&#8230;.<\/p>\n","protected":false},"author":1,"featured_media":941,"comment_status":"open","ping_status":"open","sticky":false,"template":"","format":"standard","meta":{"footnotes":""},"categories":[422],"tags":[214,215,216,217,46],"home_featured":[],"class_list":["post-1410","post","type-post","status-publish","format-standard","has-post-thumbnail","hentry","category-la-noticia-y-el-comentario","tag-aylan","tag-migracions","tag-refugiats","tag-siria","tag-guerra"],"acf":[],"_links":{"self":[{"href":"https:\/\/www.manifestacom.com\/es\/wp-json\/wp\/v2\/posts\/1410","targetHints":{"allow":["GET"]}}],"collection":[{"href":"https:\/\/www.manifestacom.com\/es\/wp-json\/wp\/v2\/posts"}],"about":[{"href":"https:\/\/www.manifestacom.com\/es\/wp-json\/wp\/v2\/types\/post"}],"author":[{"embeddable":true,"href":"https:\/\/www.manifestacom.com\/es\/wp-json\/wp\/v2\/users\/1"}],"replies":[{"embeddable":true,"href":"https:\/\/www.manifestacom.com\/es\/wp-json\/wp\/v2\/comments?post=1410"}],"version-history":[{"count":1,"href":"https:\/\/www.manifestacom.com\/es\/wp-json\/wp\/v2\/posts\/1410\/revisions"}],"predecessor-version":[{"id":1678,"href":"https:\/\/www.manifestacom.com\/es\/wp-json\/wp\/v2\/posts\/1410\/revisions\/1678"}],"wp:featuredmedia":[{"embeddable":true,"href":"https:\/\/www.manifestacom.com\/es\/wp-json\/wp\/v2\/media\/941"}],"wp:attachment":[{"href":"https:\/\/www.manifestacom.com\/es\/wp-json\/wp\/v2\/media?parent=1410"}],"wp:term":[{"taxonomy":"category","embeddable":true,"href":"https:\/\/www.manifestacom.com\/es\/wp-json\/wp\/v2\/categories?post=1410"},{"taxonomy":"post_tag","embeddable":true,"href":"https:\/\/www.manifestacom.com\/es\/wp-json\/wp\/v2\/tags?post=1410"},{"taxonomy":"home_featured","embeddable":true,"href":"https:\/\/www.manifestacom.com\/es\/wp-json\/wp\/v2\/home_featured?post=1410"}],"curies":[{"name":"wp","href":"https:\/\/api.w.org\/{rel}","templated":true}]}}