{"id":1413,"date":"2013-02-20T07:24:10","date_gmt":"2013-02-20T07:24:10","guid":{"rendered":"http:\/\/www.manifestacom.com\/el-turismo-espanol-tocado\/"},"modified":"2017-05-11T11:26:22","modified_gmt":"2017-05-11T11:26:22","slug":"el-turismo-espanol-tocado","status":"publish","type":"post","link":"https:\/\/www.manifestacom.com\/es\/el-turismo-espanol-tocado\/","title":{"rendered":"El turismo espa\u00f1ol, tocado"},"content":{"rendered":"<p><strong><a href=\"http:\/\/www.manifestacom.com\/2013\/02\/20\/el-turisme-espanyol-tocat\/turismo-espana\/\" rel=\"attachment wp-att-1651\"><img loading=\"lazy\" decoding=\"async\" class=\"aligncenter size-medium wp-image-1651\" title=\"turismo-espa\u00f1a\" src=\"http:\/\/www.manifestacom.com\/wp-content\/uploads\/2013\/02\/turismo-espa\u00f1a-580x435.jpg\" alt=\"El turisme espanyol, tocat\" width=\"580\" height=\"435\" \/><\/a>La huelga de Iberia y el cierre de Orizonia son la actualidad de un sector marcado por el aumento en el n\u00famero de visitantes extranjeros y la aton\u00eda del turismo espa\u00f1ol.<\/strong><\/p>\n<p>El inicio del 2013 est\u00e1 siendo dual para el sector tur\u00edstico espa\u00f1ol. Por una parte, se acumulan datos positivos como el incremento con respecto a 2011 de un 3% en el n\u00famero de visitantes extranjeros hasta los 57,7 millones y el aumento del gasto de los turistas for\u00e1neos en un 5,7% hasta los 55.600 millones de euros.<\/p>\n<p>Por otra parte, desde el inicio de la crisis econ\u00f3mica se ha ralentizado el turismo emisor y receptivo de espa\u00f1oles, que supone el 50% de los ingresos de nuestro sector tur\u00edstico. A las tendencias en el n\u00famero de viajeros se suman estos d\u00edas dos acontecimientos de gran envergadura e impacto.<\/p>\n<p>El primero, la <a title=\"El Peri\u00f3dico\" href=\"http:\/\/www.elperiodico.com\/es\/noticias\/economia\/iberia-convoca-los-sindicatos-tras-segunda-jornada-huelga-2322735\" target=\"_blank\">huelga de 15 d\u00edas de los trabajadores de Iberia<\/a> iniciada el lunes 18 de febrero y que, si nada ni nadie lo impide, se extender\u00e1 hasta marzo. \u00bfLa causa? La presentaci\u00f3n de un Expediente de Regulaci\u00f3n de Empleo (ERE) para 3.807 empleados de la aerol\u00ednea.<\/p>\n<p>El segundo, la noticia del <a title=\"La Vanguardia\" href=\"http:\/\/www.lavanguardia.com\/local\/islas-baleares\/20130218\/54366870077\/orizonia-anuncia-a-la-plantilla-un-ere-que-afectara-a-mas-de-3-000-empleados-por-el-cierre-de-parte-.html\" target=\"_blank\">cierre de Orizonia y el posible ERE por el 75% de su plantilla<\/a>, de un total de 5.000 trabajadores. Despu\u00e9s de que <a title=\"Expansi\u00f3n\" href=\"http:\/\/www.expansion.com\/2013\/02\/15\/empresas\/transporte\/1360926220.html?a=e6b3992b95f0b8cf4a0e84d5a1abc18c&amp;t=1361367511\" target=\"_blank\">la Comisi\u00f3n Nacional de la Competencia retrasara la autorizaci\u00f3n de la compra<\/a> por parte de Globalia, la soluci\u00f3n para esta compa\u00f1\u00eda, que previsiblemente presentar\u00e1 concurso voluntario de acreedores, pasa ahora por su despiece y la venta de las diferentes divisiones.<\/p>\n<p>En este sentido, <a title=\"Hosteltur\" href=\"http:\/\/www.hosteltur.com\/134940_division-hotelera-orizonia-luabay-queda-paraguas-globalia.html\" target=\"_blank\">Globalia ya adquiri\u00f3 en diciembre la hotelera Luabay Hotels &amp; Leisure <\/a>y Barcel\u00f3, que hace unos meses se hab\u00eda interesado por Orizonia, <a title=\"Hosteltur\" href=\"http:\/\/www.hosteltur.com\/134650_orizonia-tratara-venderse-partes.html\" target=\"_blank\">podr\u00eda quedarse con una parte de la red minorista Vibo y otra de la aerol\u00ednea Orbest<\/a>.<\/p>\n<p>En 2013 la elevada tasa de paro y el descenso de poder adquisitivo de los espa\u00f1oles seguir\u00e1n afectando al sector tur\u00edstico espa\u00f1ol, que ocupa a dos millones de personas y representa m\u00e1s del 10% del PIB del pa\u00eds.<\/p>\n","protected":false},"excerpt":{"rendered":"<p>La huelga de Iberia y el cierre de Orizonia son la actualidad de un sector marcado por el aumento en el n\u00famero de visitantes extranjeros y la aton\u00eda del turismo espa\u00f1ol. El inicio del 2013 est\u00e1 siendo dual para el sector tur\u00edstico espa\u00f1ol. Por una&#8230;<\/p>\n","protected":false},"author":1,"featured_media":950,"comment_status":"open","ping_status":"open","sticky":false,"template":"","format":"standard","meta":{"footnotes":""},"categories":[422],"tags":[98,68],"home_featured":[],"class_list":["post-1413","post","type-post","status-publish","format-standard","has-post-thumbnail","hentry","category-la-noticia-y-el-comentario","tag-economia","tag-turisme"],"acf":[],"_links":{"self":[{"href":"https:\/\/www.manifestacom.com\/es\/wp-json\/wp\/v2\/posts\/1413","targetHints":{"allow":["GET"]}}],"collection":[{"href":"https:\/\/www.manifestacom.com\/es\/wp-json\/wp\/v2\/posts"}],"about":[{"href":"https:\/\/www.manifestacom.com\/es\/wp-json\/wp\/v2\/types\/post"}],"author":[{"embeddable":true,"href":"https:\/\/www.manifestacom.com\/es\/wp-json\/wp\/v2\/users\/1"}],"replies":[{"embeddable":true,"href":"https:\/\/www.manifestacom.com\/es\/wp-json\/wp\/v2\/comments?post=1413"}],"version-history":[{"count":1,"href":"https:\/\/www.manifestacom.com\/es\/wp-json\/wp\/v2\/posts\/1413\/revisions"}],"predecessor-version":[{"id":1873,"href":"https:\/\/www.manifestacom.com\/es\/wp-json\/wp\/v2\/posts\/1413\/revisions\/1873"}],"wp:featuredmedia":[{"embeddable":true,"href":"https:\/\/www.manifestacom.com\/es\/wp-json\/wp\/v2\/media\/950"}],"wp:attachment":[{"href":"https:\/\/www.manifestacom.com\/es\/wp-json\/wp\/v2\/media?parent=1413"}],"wp:term":[{"taxonomy":"category","embeddable":true,"href":"https:\/\/www.manifestacom.com\/es\/wp-json\/wp\/v2\/categories?post=1413"},{"taxonomy":"post_tag","embeddable":true,"href":"https:\/\/www.manifestacom.com\/es\/wp-json\/wp\/v2\/tags?post=1413"},{"taxonomy":"home_featured","embeddable":true,"href":"https:\/\/www.manifestacom.com\/es\/wp-json\/wp\/v2\/home_featured?post=1413"}],"curies":[{"name":"wp","href":"https:\/\/api.w.org\/{rel}","templated":true}]}}