{"id":1419,"date":"2015-10-09T16:34:36","date_gmt":"2015-10-09T16:34:36","guid":{"rendered":"http:\/\/www.manifestacom.com\/eoliccat-insta-a-los-politicos-catalanes-a-reactivar-el-sector-eolico\/"},"modified":"2017-05-11T13:23:49","modified_gmt":"2017-05-11T13:23:49","slug":"eoliccat-insta-a-los-politicos-catalanes-a-reactivar-el-sector-eolico","status":"publish","type":"post","link":"https:\/\/www.manifestacom.com\/es\/eoliccat-insta-a-los-politicos-catalanes-a-reactivar-el-sector-eolico\/","title":{"rendered":"EolicCat insta a los pol\u00edticos catalanes a reactivar el sector e\u00f3lico"},"content":{"rendered":"<p style=\"text-align: justify;\"><a href=\"http:\/\/www.manifestacom.com\/wp-content\/uploads\/2015\/10\/PEPujalt_p3.jpg\"><img loading=\"lazy\" decoding=\"async\" class=\"aligncenter size-medium wp-image-2991\" title=\"PEPujalt_p\" src=\"http:\/\/www.manifestacom.com\/wp-content\/uploads\/2015\/10\/PEPujalt_p3-580x435.jpg\" alt=\"\" width=\"580\" height=\"435\" \/><\/a><\/p>\n<p style=\"text-align: justify;\"><strong>EolicCat- Associaci\u00f3 E\u00f2lica de Catalunya solicit\u00f3 el pasado 9 de septiembre a los representantes pol\u00edticos presentes en la jornada \u201c<a href=\"http:\/\/eoliccat.net\/quin-rol-juga-leolica-en-el-cami-cap-a-lautosuficiencia-energetica-a-catalunya\/\">Catalunya, hacia la autosuficiencia energ\u00e9tica: objetivos 2020. El papel de la energ\u00eda e\u00f3lica<\/a>\u201d la reactivaci\u00f3n del sector e\u00f3lico para poder cumplir con los objetivos clim\u00e1ticos y energ\u00e9ticos de la Uni\u00f3n Europea y el <a href=\"http:\/\/icaen.gencat.cat\/web\/.content\/03_planificacio_energetica\/documents\/arxius\/presentacio_del_pecac._jornada_interna_20-n.pdf\">PECAC 2012-2020<\/a> y activar las econom\u00edas locales. \u00a0<\/strong><\/p>\n<p style=\"text-align: justify;\">En concreto, EolicCat ha dise\u00f1ado una hoja de ruta para reactivar el sector y poder competir en las futuras <a href=\"http:\/\/www.aeeolica.org\/es\/new\/el-gobierno-reconoce-que-espana-necesita-mas-eolica-y-anuncia-subastas-pero-no-resuelve-la-inseguridad-juridica-del-modelo\/\">subastas previstas por el Ministerio de Industria, Energ\u00eda y Turismo (MINETUR)<\/a>, que pasa por desarrollar las siguientes acciones:<\/p>\n<ul style=\"text-align: justify;\">\n<li>Modificar el mapa de implantaci\u00f3n e\u00f3lica para habilitar zonas de m\u00e1s de 3.200 horas equivalentes.<\/li>\n<li>Iniciar una modificaci\u00f3n de la legislaci\u00f3n que permita desarrollar nuevos proyectos de parques e\u00f3licos de m\u00e1s de 10 MW.<\/li>\n<li>Finalizar la tramitaci\u00f3n de los proyectos que los promotores consideren viables y que actualmente se encuentren en fase de tramitaci\u00f3n.<\/li>\n<li>Coordinar con REE la planificaci\u00f3n de la conexi\u00f3n de los objetivos de potencia e\u00f3lica que determine el Gobierno de Catalu\u00f1a para los a\u00f1os 2020 y 2030 (disponibilidad de capacidad de evacuaci\u00f3n de redes de transporte y\/o distribuci\u00f3n).<\/li>\n<\/ul>\n<p style=\"text-align: justify;\">A fin de desarrollar estas acciones, la patronal e\u00f3lica catalana propone la creaci\u00f3n de una comisi\u00f3n de trabajo conjunta entre EolicCat y la Administraci\u00f3n, as\u00ed como la designaci\u00f3n de un nuevo cargo que agilice la tramitaci\u00f3n de los parques e\u00f3licos, la creaci\u00f3n de nuevos protocolos de actuaci\u00f3n para resolver los obst\u00e1culos administrativos y la imposici\u00f3n de \u201ctempos\u201d a cumplir, por parte de los funcionarios, con la finalidad de impulsar la tramitaci\u00f3n.<\/p>\n<p style=\"text-align: justify;\">Esta hoja de ruta se recoge en el informe \u201c<a href=\"http:\/\/eoliccat.net\/wp-content\/uploads\/2015\/09\/Oportunitats-per-a-Catalunya-d%E2%80%99un-major-desenvolupament-i-%C3%B2ptima-implantaci%C3%B3-de-l%E2%80%99energia-e%C3%B2lica-en-l%E2%80%99horitz%C3%B3-de-l%E2%80%99any-2020.pdf\">Oportunidades para una Catalunya de un mayor desarrollo y \u00f3ptima implantaci\u00f3n de la energ\u00eda e\u00f3lica en el horizonte 2020<\/a>\u201d presentado por EolicCat en el transcurso de la jornada, que cont\u00f3 con la participaci\u00f3n de los m\u00e1ximos representantes empresariales del sector y de las fuerzas pol\u00edticas que se presentaban a las elecciones al Parlament de Catalunya.<\/p>\n<p style=\"text-align: justify;\"><strong>Horizonte 2020<\/strong><\/p>\n<p style=\"text-align: justify;\">Para lograr los objetivos clim\u00e1ticos y energ\u00e9ticos de la Uni\u00f3n Europea para el 2020, Espa\u00f1a deber\u00eda poner en servicio entre 4.533 y 6.473 MW de nueva capacidad de generaci\u00f3n e\u00f3lica. En este contexto, el desarrollo actual de la energ\u00eda e\u00f3lica en Catalunya es del todo insuficiente para alcanzar tanto estos objetivos como los de penetraci\u00f3n de electricidad renovable en el sistema el\u00e9ctrico de Catalunya previstos en PECAC 2012-2020. Asimismo, la legislaci\u00f3n catalana actual no permite la tramitaci\u00f3n de nuevos parques de m\u00e1s de 10 MW y las restricciones ambientales no permiten acceder a las zonas de alto potencial e\u00f3lico, con las que se podr\u00eda competir cuando se inicien las subastas anunciadas por MINETUR.<\/p>\n<p style=\"text-align: justify;\">Por todo ello, EolicCat pide a la Generalitat de Catalunya que cree las condiciones para ampliar la capacidad de generaci\u00f3n e\u00f3lica en Catalunya en el equivalente, como m\u00ednimo, al 20% de la nueva potencia e\u00f3lica que el Estado espa\u00f1ol prev\u00e9 que ser\u00e1 necesario poner en servicio antes de 2020. Este objetivo equivale aproximadamente al peso que, en el conjunto del Estado en el a\u00f1o 2014, han tenido tanto la econom\u00eda catalana\u00a0 \u2013un 18,9% del PIB total\u2013 como el consumo de electricidad de Catalunya \u2013un 18,8% del total, seg\u00fan el ICAEN\u2013.<\/p>\n<p style=\"text-align: justify;\"><strong>La reactivaci\u00f3n del sector, una oportunidad<\/strong><\/p>\n<p style=\"text-align: justify;\">La energ\u00eda e\u00f3lica es la tecnolog\u00eda m\u00e1s desarrollada de las energ\u00edas renovables, juega un papel relevante en el suministro el\u00e9ctrico mundial, en Espa\u00f1a y en Catalu\u00f1a, as\u00ed como en la descarbonizaci\u00f3n del sector el\u00e9ctrico, un factor fundamental en la lucha contra el cambio clim\u00e1tico. En la actualidad, la e\u00f3lica es, adem\u00e1s, competitiva econ\u00f3micamente en relaci\u00f3n con las otras energ\u00edas y contribuye en gran medida a la activaci\u00f3n de las econom\u00edas locales, debido a la inversi\u00f3n en el territorio y a la generaci\u00f3n de ocupaci\u00f3n.<\/p>\n<p style=\"text-align: justify;\">En este sentido, el Consejo Mundial de la Energ\u00eda E\u00f3lica (GWEC en sus siglas en ingles) estima, en el informe <a href=\"http:\/\/www.gwec.net\/publications\/global-wind-energy-outlook\/global-wind-energy-outlook-2014\/\">Global Wind Energy Outlook 2014<\/a>, que en el a\u00f1o 2030 la e\u00f3lica suministrar\u00e1 entre el 17-19% de la demanda el\u00e9ctrica mundial, creando m\u00e1s de dos millones de nuevos puestos de trabajo y reduciendo las emisiones de CO<sub>2 <\/sub>en m\u00e1s de 3.000 millones de toneladas cada a\u00f1o. La penetraci\u00f3n de la energ\u00eda e\u00f3lica en la cobertura de la demanda el\u00e9ctrica global supondr\u00eda entre el 25 y el 30% en el 2050. En Espa\u00f1a, la e\u00f3lica fue la segunda tecnolog\u00eda en el sistema el\u00e9ctrico el a\u00f1o 2014, con una producci\u00f3n de 51 TWh y una cobertura de la demanda el\u00e9ctrica del 20,4%.<\/p>\n","protected":false},"excerpt":{"rendered":"<p>EolicCat- Associaci\u00f3 E\u00f2lica de Catalunya solicit\u00f3 el pasado 9 de septiembre a los representantes pol\u00edticos presentes en la jornada \u201cCatalunya, hacia la autosuficiencia energ\u00e9tica: objetivos 2020. El papel de la energ\u00eda e\u00f3lica\u201d la reactivaci\u00f3n del sector e\u00f3lico para poder cumplir con los objetivos clim\u00e1ticos y&#8230;<\/p>\n","protected":false},"author":1,"featured_media":968,"comment_status":"open","ping_status":"open","sticky":false,"template":"","format":"standard","meta":{"footnotes":""},"categories":[423],"tags":[235,236,237],"home_featured":[],"class_list":["post-1419","post","type-post","status-publish","format-standard","has-post-thumbnail","hentry","category-nuestros-clientes","tag-energia-eolica","tag-eoliccat","tag-pecac"],"acf":[],"_links":{"self":[{"href":"https:\/\/www.manifestacom.com\/es\/wp-json\/wp\/v2\/posts\/1419","targetHints":{"allow":["GET"]}}],"collection":[{"href":"https:\/\/www.manifestacom.com\/es\/wp-json\/wp\/v2\/posts"}],"about":[{"href":"https:\/\/www.manifestacom.com\/es\/wp-json\/wp\/v2\/types\/post"}],"author":[{"embeddable":true,"href":"https:\/\/www.manifestacom.com\/es\/wp-json\/wp\/v2\/users\/1"}],"replies":[{"embeddable":true,"href":"https:\/\/www.manifestacom.com\/es\/wp-json\/wp\/v2\/comments?post=1419"}],"version-history":[{"count":1,"href":"https:\/\/www.manifestacom.com\/es\/wp-json\/wp\/v2\/posts\/1419\/revisions"}],"predecessor-version":[{"id":1894,"href":"https:\/\/www.manifestacom.com\/es\/wp-json\/wp\/v2\/posts\/1419\/revisions\/1894"}],"wp:featuredmedia":[{"embeddable":true,"href":"https:\/\/www.manifestacom.com\/es\/wp-json\/wp\/v2\/media\/968"}],"wp:attachment":[{"href":"https:\/\/www.manifestacom.com\/es\/wp-json\/wp\/v2\/media?parent=1419"}],"wp:term":[{"taxonomy":"category","embeddable":true,"href":"https:\/\/www.manifestacom.com\/es\/wp-json\/wp\/v2\/categories?post=1419"},{"taxonomy":"post_tag","embeddable":true,"href":"https:\/\/www.manifestacom.com\/es\/wp-json\/wp\/v2\/tags?post=1419"},{"taxonomy":"home_featured","embeddable":true,"href":"https:\/\/www.manifestacom.com\/es\/wp-json\/wp\/v2\/home_featured?post=1419"}],"curies":[{"name":"wp","href":"https:\/\/api.w.org\/{rel}","templated":true}]}}