{"id":1421,"date":"2013-04-16T07:48:34","date_gmt":"2013-04-16T07:48:34","guid":{"rendered":"http:\/\/www.manifestacom.com\/desayuno-informativo-en-el-colegio-de-caminos\/"},"modified":"2017-05-08T14:18:18","modified_gmt":"2017-05-08T14:18:18","slug":"desayuno-informativo-en-el-colegio-de-caminos","status":"publish","type":"post","link":"https:\/\/www.manifestacom.com\/es\/desayuno-informativo-en-el-colegio-de-caminos\/","title":{"rendered":"Desayuno informativo en el Colegio de Caminos"},"content":{"rendered":"<p><strong><a href=\"http:\/\/www.manifestacom.com\/2013\/04\/16\/esmorzar-informatiu-al-col%e2%80%a2legi-de-camins\/logo_ceccp-positiu-rgb-72ppp-4\/\" rel=\"attachment wp-att-1726\"><img loading=\"lazy\" decoding=\"async\" class=\"aligncenter size-full wp-image-1726\" title=\"logo_CECCP positiu RGB 72ppp\" src=\"http:\/\/www.manifestacom.com\/wp-content\/uploads\/2013\/04\/logo_CECCP-positiu-RGB-72ppp3.jpg\" alt=\"Logo Col\u00b7legi d'Enginyers de Camins, Canals i Ports\" width=\"470\" height=\"150\" \/><\/a><br \/>\nLa Comisi\u00f3n de Transportes del Colegio de Ingenieros de Caminos, Canales y Puertos de Catalu\u00f1a (CECCP) expuso el pasado 11 de abril en un desayuno con medios informativos la necesidad de realizar de forma prioritaria mejoras en la gesti\u00f3n y una serie de actuaciones en el \u00e1mbito de las infrestructuras de transporte b\u00e1sicas para Catalu\u00f1a. El encuentro tuvo una amplia repercursi\u00f3n medi\u00e1tica en prensa escrita, radio, agencias y medios digitales.<\/strong><\/p>\n<p>Pese a entender la dificultad de las finanzas de las administraciones p\u00fablicas responsables, los ingenieros de caminos consideran imprescindible romper con la par\u00e1lisis inversora en infraestructuras y resolver las carencias existentes, sobre todo en las redes viaria y ferroviaria catalanas, y las ineficiencias estructurales en la gesti\u00f3n a nivel auton\u00f3mico y estatal.<\/p>\n<p>Las l\u00edneas de acci\u00f3n a emprender, seg\u00fan la Comisi\u00f3n, se tienen que centrar tanto en la ejecuci\u00f3n de infraestructuras como en la mejora de su gesti\u00f3n, con inversiones razonables y teniendo en cuenta criterios de eficiencia y rentabilidad social, econ\u00f3mica y ambiental. La propuesta del CECCP es, pues, un plan de actuaci\u00f3n integral para impulsar iniciativas estrat\u00e9gicas para reactivar la econom\u00eda catalana y el progreso social y atraer inversiones en el pa\u00eds.<\/p>\n<p><strong>Selecci\u00f3n de apariciones en medios<\/strong><\/p>\n<p>Prensa escrita<\/p>\n<p>&#8211;\u00a0\u00a0 \u00a0<a title=\"La Vanguardia\" href=\"http:\/\/www.lavanguardia.com\/20130412\/54371152160\/obras-con-buenas-razones-oscar-munoz.html\" target=\"_blank\">Obras con buenas razones<\/a> | La Vanguardia<\/p>\n<p>&#8211;\u00a0\u00a0 \u00a0<a title=\"El Peri\u00f3dico\" href=\"http:\/\/lector.kioskoymas.com\/epaper\/viewer.aspx\" target=\"_blank\">Los ingenieros dudan que haga falta desdoblar la NII en Girona<\/a> | El Peri\u00f3dico<\/p>\n<p>&#8211;\u00a0\u00a0 <a title=\"El Punt Avui\" href=\"http:\/\/www.elpuntavui.cat\/ma\/article\/2-societat\/5-societat\/636148-els-enginyers-demanen-peatges-arreu-de-lestat.html\" target=\"_blank\">\u00a0Els enginyers demanen peatges arreu de l\u2019Estat<\/a> | El Punt Avui<\/p>\n<p>&#8211;\u00a0\u00a0 \u00a0<a title=\"Expansi\u00f3n\" href=\"http:\/\/expansionpro.orbyt.es\/2013\/04\/11\/inmobiliaria\/1365706228.html\" target=\"_blank\">Las infraestructuras, pendientes, tras diez a\u00f1os de vacas gordas<\/a> | Expansi\u00f3n<\/p>\n<p>R\u00e0dio<\/p>\n<p>&#8211;\u00a0\u00a0 \u00a0<a title=\"Cadena Cope\" href=\"http:\/\/www.cope.es\/Menu\/Local\/Barcelona\/Programas\/La-Tarda\" target=\"_blank\">Xavier Abadia, Portavoz de la Comisi\u00f3n de Transportes del Colegio de Ingenieros de Caminos de Catalu\u00f1a<\/a> | COPE<\/p>\n<p>&#8211;\u00a0\u00a0\u00a0 <a title=\"Cadena Ser\" href=\"http:\/\/www.cadenaser.com\/economia\/articulo\/els-enginyers-camins-reclamen-tornin-les-inversions-infraestructures\/csrcsrpor\/20130411csrcsreco_2\/Tes\" target=\"_blank\">Els Enginyers de Camins reclamen que tornin les inversions en infraestructures<\/a> | Cadena Ser<\/p>\n<p>&#8211;\u00a0\u00a0\u00a0 <a title=\"La Xarxa\" href=\"http:\/\/www.laxarxa.com\/noticia\/els-enginyers-creuen-que-no-caldria-desdoblar-l-n-ii\" target=\"_blank\">Els enginyers creuen que no caldria desdoblar la N-II <\/a>| Xarxanoticies.cat<\/p>\n<p>Internet y agencias<\/p>\n<p>&#8211;\u00a0\u00a0 \u00a0<a title=\"Diari Ara\" href=\"http:\/\/http:\/\/www.aragirona.cat\/noticia\/154574\/els-enginyers-de-camins-defensen-prohibir-els-camions-a-ln-ii\" target=\"_blank\">Els enginyers de camins defensen prohibir els camions a l\u2019N-II<\/a> | Ara Girona<\/p>\n<p>&#8211;\u00a0\u00a0 \u00a0<a title=\"ACN\" href=\"http:\/\/www.acn.cat\/acn\/709116\/General\/text\/Nacional-carretera-N-II-Girona-autovia-AP-7.html\" target=\"_blank\">Els enginyers de camins defensen desviar els camions per l\u2019AP-7 davant la dificultat de desdoblar la N-II a curt termini<\/a> | ACN<\/p>\n<p>&#8211;\u00a0\u00a0 \u00a0<a title=\"Europa Press\" href=\"http:\/\/www.europapress.es\/catalunya\/noticia-ingenieros-caminos-piden-estado-generalitat-resolver-paralisis-inversora-infraestructuras-20130411150047.html\" target=\"_blank\">Ingenieros de Caminos piden a Estado y Generalitat resolver la \u201cpar\u00e1lisis inversora\u201d en infraestructuras <\/a>| Europa Press<\/p>\n","protected":false},"excerpt":{"rendered":"<p>La Comisi\u00f3n de Transportes del Colegio de Ingenieros de Caminos, Canales y Puertos de Catalu\u00f1a (CECCP) expuso el pasado 11 de abril en un desayuno con medios informativos la necesidad de realizar de forma prioritaria mejoras en la gesti\u00f3n y una serie de actuaciones en&#8230;<\/p>\n","protected":false},"author":1,"featured_media":974,"comment_status":"open","ping_status":"open","sticky":false,"template":"","format":"standard","meta":{"footnotes":""},"categories":[423],"tags":[],"home_featured":[],"class_list":["post-1421","post","type-post","status-publish","format-standard","has-post-thumbnail","hentry","category-nuestros-clientes"],"acf":[],"_links":{"self":[{"href":"https:\/\/www.manifestacom.com\/es\/wp-json\/wp\/v2\/posts\/1421","targetHints":{"allow":["GET"]}}],"collection":[{"href":"https:\/\/www.manifestacom.com\/es\/wp-json\/wp\/v2\/posts"}],"about":[{"href":"https:\/\/www.manifestacom.com\/es\/wp-json\/wp\/v2\/types\/post"}],"author":[{"embeddable":true,"href":"https:\/\/www.manifestacom.com\/es\/wp-json\/wp\/v2\/users\/1"}],"replies":[{"embeddable":true,"href":"https:\/\/www.manifestacom.com\/es\/wp-json\/wp\/v2\/comments?post=1421"}],"version-history":[{"count":1,"href":"https:\/\/www.manifestacom.com\/es\/wp-json\/wp\/v2\/posts\/1421\/revisions"}],"predecessor-version":[{"id":1706,"href":"https:\/\/www.manifestacom.com\/es\/wp-json\/wp\/v2\/posts\/1421\/revisions\/1706"}],"wp:featuredmedia":[{"embeddable":true,"href":"https:\/\/www.manifestacom.com\/es\/wp-json\/wp\/v2\/media\/974"}],"wp:attachment":[{"href":"https:\/\/www.manifestacom.com\/es\/wp-json\/wp\/v2\/media?parent=1421"}],"wp:term":[{"taxonomy":"category","embeddable":true,"href":"https:\/\/www.manifestacom.com\/es\/wp-json\/wp\/v2\/categories?post=1421"},{"taxonomy":"post_tag","embeddable":true,"href":"https:\/\/www.manifestacom.com\/es\/wp-json\/wp\/v2\/tags?post=1421"},{"taxonomy":"home_featured","embeddable":true,"href":"https:\/\/www.manifestacom.com\/es\/wp-json\/wp\/v2\/home_featured?post=1421"}],"curies":[{"name":"wp","href":"https:\/\/api.w.org\/{rel}","templated":true}]}}