{"id":1423,"date":"2016-08-20T11:59:42","date_gmt":"2016-08-20T11:59:42","guid":{"rendered":"http:\/\/www.manifestacom.com\/estados-unidos-2016-las-elecciones-de-snapchat-o-como-atraer-el-voto-milenial\/"},"modified":"2017-05-18T15:43:04","modified_gmt":"2017-05-18T15:43:04","slug":"estados-unidos-2016-las-elecciones-de-snapchat-o-como-atraer-el-voto-milenial","status":"publish","type":"post","link":"https:\/\/www.manifestacom.com\/es\/estados-unidos-2016-las-elecciones-de-snapchat-o-como-atraer-el-voto-milenial\/","title":{"rendered":"Estados Unidos 2016: las elecciones de Snapchat, o c\u00f3mo atraer el voto milenial"},"content":{"rendered":"<p><a href=\"http:\/\/www.manifestacom.com\/wp-content\/uploads\/2016\/08\/estats.jpg\"><img loading=\"lazy\" decoding=\"async\" class=\"aligncenter\" title=\"estats\" src=\"http:\/\/www.manifestacom.com\/wp-content\/uploads\/2016\/08\/estats-580x290.jpg\" alt=\"\" width=\"580\" height=\"290\" \/><\/a><\/p>\n<p>La primera campa\u00f1a de Barack Obama en 2008 utiliz\u00f3 por primera vez las redes sociales, y las elecciones resultantes fueron bautizadas como las \u201celecciones de Facebook\u201d. La de la reelecci\u00f3n, en 2012, que se caracteriz\u00f3 por un uso intensivo de Twitter, se consider\u00f3 la primera campa\u00f1a 100% digital. Hoy ya hay quien habla de las pr\u00f3ximas elecciones en Estados Unidos como las primeras \u201c<a href=\"http:\/\/internacional.elpais.com\/internacional\/2016\/04\/26\/estados_unidos\/1461697325_821795.html\" target=\"_blank\">elecciones de Snapchat<\/a>\u201c.<\/p>\n<p>Y es que esta aplicaci\u00f3n de mensajes, fotos y v\u00eddeos ef\u00edmeros (desaparecen 24 horas despu\u00e9s de publicarse) lanzada hace tres a\u00f1os, muy popular entre la generaci\u00f3n milenial, ha resultado clave para los candidatos. Seg\u00fan Nielsen, l\u00edder global en informaci\u00f3n y medici\u00f3n, <a href=\"https:\/\/www.snapchat.com\/\" target=\"_blank\">Snapchat <\/a>es una plataforma que, un d\u00eda cualquiera, llega al 41% de los j\u00f3venes americanos de entre 18 y 34 a\u00f1os.<\/p>\n<p>Con datos as\u00ed, no sorprende que Snapchat se haya convertido en herramienta de campa\u00f1a. El reciente art\u00edculo de The Guardian \u00ab<a href=\"https:\/\/www.theguardian.com\/technology\/2016\/apr\/05\/snapchat-election-2016-sanders-clinton-youth-millennial-vote\" target=\"_blank\">The first Snapchat election: how Bernie and Hillary are targeting the youth vote<\/a>\u00bb (Las primeras elecciones Snapchat: como Bernie y Hillary se dirigen al voto joven), compara las estrategias de Bernie Sanders y Hillary Clinton en la plataforma. El equipo de comunicaci\u00f3n digital de Sanders, dice el art\u00edculo, se centra en mostrar m\u00edtines e im\u00e1genes de los movimientos del candidato por el pa\u00eds, sin los emoji y la jerga caracter\u00edsticos de la red. El equipo de Hillary, por el contrario, ha adoptado el lenguaje de los usuarios. Definitivamente, mejor estar que no estar, pero \u00bftiene de verdad un impacto relevante?<\/p>\n<p>Para buscar respuestas a esta y otras preguntas, We, Observatorio de la Comunicaci\u00f3n Social ha presentado el informe \u00ab<a href=\"http:\/\/www.gutierrez-rubi.es\/2016\/06\/03\/snapchat-en-politica\/\" target=\"_blank\">Snapchat en pol\u00edtica. Transformando la comunicaci\u00f3n social<\/a>\u00bb, con Antonio Guti\u00e9rrez-Rub\u00ed y Xavier Peytibi como autores principales. \u00abSi se quiere tener visibilidad, hay que entender c\u00f3mo crear y difundir contenidos en esta red. El p\u00fablico es diferente, como tambi\u00e9n lo es la manera en que se visualizan los contenidos\u201d, explican.<\/p>\n<p>El auge de Snapchat no es exclusivo del Estados Unidos, y es muy posible que en los pr\u00f3ximos meses se extienda su uso como herramienta de comunicaci\u00f3n para llegar a un p\u00fablico joven cada vez m\u00e1s alejado de la pol\u00edtica convencional. Habr\u00e1 que estar atentos.<\/p>\n","protected":false},"excerpt":{"rendered":"<p>La primera campa\u00f1a de Barack Obama en 2008 utiliz\u00f3 por primera vez las redes sociales, y las elecciones resultantes fueron bautizadas como las \u201celecciones de Facebook\u201d. La de la reelecci\u00f3n, en 2012, que se caracteriz\u00f3 por un uso intensivo de Twitter, se consider\u00f3 la primera&#8230;<\/p>\n","protected":false},"author":1,"featured_media":980,"comment_status":"open","ping_status":"open","sticky":false,"template":"","format":"standard","meta":{"footnotes":""},"categories":[421],"tags":[242,52,78],"home_featured":[],"class_list":["post-1423","post","type-post","status-publish","format-standard","has-post-thumbnail","hentry","category-el-post-es","tag-snapchat","tag-comunicacio-politica","tag-eleccions"],"acf":[],"_links":{"self":[{"href":"https:\/\/www.manifestacom.com\/es\/wp-json\/wp\/v2\/posts\/1423","targetHints":{"allow":["GET"]}}],"collection":[{"href":"https:\/\/www.manifestacom.com\/es\/wp-json\/wp\/v2\/posts"}],"about":[{"href":"https:\/\/www.manifestacom.com\/es\/wp-json\/wp\/v2\/types\/post"}],"author":[{"embeddable":true,"href":"https:\/\/www.manifestacom.com\/es\/wp-json\/wp\/v2\/users\/1"}],"replies":[{"embeddable":true,"href":"https:\/\/www.manifestacom.com\/es\/wp-json\/wp\/v2\/comments?post=1423"}],"version-history":[{"count":1,"href":"https:\/\/www.manifestacom.com\/es\/wp-json\/wp\/v2\/posts\/1423\/revisions"}],"predecessor-version":[{"id":1889,"href":"https:\/\/www.manifestacom.com\/es\/wp-json\/wp\/v2\/posts\/1423\/revisions\/1889"}],"wp:featuredmedia":[{"embeddable":true,"href":"https:\/\/www.manifestacom.com\/es\/wp-json\/wp\/v2\/media\/980"}],"wp:attachment":[{"href":"https:\/\/www.manifestacom.com\/es\/wp-json\/wp\/v2\/media?parent=1423"}],"wp:term":[{"taxonomy":"category","embeddable":true,"href":"https:\/\/www.manifestacom.com\/es\/wp-json\/wp\/v2\/categories?post=1423"},{"taxonomy":"post_tag","embeddable":true,"href":"https:\/\/www.manifestacom.com\/es\/wp-json\/wp\/v2\/tags?post=1423"},{"taxonomy":"home_featured","embeddable":true,"href":"https:\/\/www.manifestacom.com\/es\/wp-json\/wp\/v2\/home_featured?post=1423"}],"curies":[{"name":"wp","href":"https:\/\/api.w.org\/{rel}","templated":true}]}}