{"id":1424,"date":"2013-06-05T11:01:35","date_gmt":"2013-06-05T11:01:35","guid":{"rendered":"http:\/\/www.manifestacom.com\/estudiantes-de-comunicacion-de-la-uoc-asesoran-entidades-sin-animo-de-lucro\/"},"modified":"2017-05-08T16:33:20","modified_gmt":"2017-05-08T16:33:20","slug":"estudiantes-de-comunicacion-de-la-uoc-asesoran-entidades-sin-animo-de-lucro","status":"publish","type":"post","link":"https:\/\/www.manifestacom.com\/es\/estudiantes-de-comunicacion-de-la-uoc-asesoran-entidades-sin-animo-de-lucro\/","title":{"rendered":"Estudiantes de comunicaci\u00f3n de la UOC asesoran entidades sin \u00e1nimo de lucro"},"content":{"rendered":"<p>La Universitat Oberta de Catalunya (UOC) ha creado una agencia de comunicaci\u00f3n, UOCom. A trav\u00e9s de la agencia, estudiantes de comunicaci\u00f3n har\u00e1n pr\u00e1cticas profesionales asesorando gratuitamente a entidades sin \u00e1nimo de lucro. Las fundaciones Vicente Ferrer, Mambr\u00e9, Integra Pirineos y la entidad El Submarino han comenzado ya a trabajar con UOCom.<\/p>\n<p>Siguiendo el modelo pedag\u00f3gico de la UOC, UOCom funciona virtualmente. Toda la actividad se desarrolla en un entorno 2.0, en el que alumnos y profesores trabajan en equipo para dar servicio a clientes reales del tercer sector. De esta manera, los estudiantes experimentan las din\u00e1micas del contexto profesional y al mismo tiempo, las entidades se benefician del servicio.<\/p>\n<p>UOCom forma parte de la iniciativa de innovaci\u00f3n docente ComCity, impulsada por profesores de los Estudios de Ciencias de la Informaci\u00f3n y de la Comunicaci\u00f3n de la UOC en colaboraci\u00f3n con la Oficina de Tecnolog\u00eda Educativa.<\/p>\n<p>Desde Manifiesta, damos la bienvenida a esta iniciativa de formaci\u00f3n innovadora y solidaria, que estrecha los v\u00ednculos (muchos necesarios) entre universidad, sociedad y empresa. Estaremos atentos a esta cantera de nuevos profesionales.<\/p>\n<p><a href=\"http:\/\/www.manifestacom.com\/2013\/06\/05\/estudiants-de-comunicacio-de-la-uoc-assessoren-entitats-sense-anim-de-lucre\/rectorat_de_la_universitat_oberta_de_catalunya\/\" rel=\"attachment wp-att-1870\"><img loading=\"lazy\" decoding=\"async\" class=\"aligncenter size-medium wp-image-1870\" title=\"Rectorat_de_la_Universitat_Oberta_de_Catalunya\" src=\"http:\/\/www.manifestacom.com\/wp-content\/uploads\/2013\/06\/Rectorat_de_la_Universitat_Oberta_de_Catalunya-580x420.jpg\" alt=\"\" width=\"580\" height=\"420\" \/><\/a><\/p>\n<p>&nbsp;<\/p>\n","protected":false},"excerpt":{"rendered":"<p>La Universitat Oberta de Catalunya (UOC) ha creado una agencia de comunicaci\u00f3n, UOCom. A trav\u00e9s de la agencia, estudiantes de comunicaci\u00f3n har\u00e1n pr\u00e1cticas profesionales asesorando gratuitamente a entidades sin \u00e1nimo de lucro. Las fundaciones Vicente Ferrer, Mambr\u00e9, Integra Pirineos y la entidad El Submarino han&#8230;<\/p>\n","protected":false},"author":1,"featured_media":983,"comment_status":"open","ping_status":"open","sticky":false,"template":"","format":"standard","meta":{"footnotes":""},"categories":[422],"tags":[164,165,44,84,96],"home_featured":[],"class_list":["post-1424","post","type-post","status-publish","format-standard","has-post-thumbnail","hentry","category-la-noticia-y-el-comentario","tag-rsc","tag-xarxes","tag-digital","tag-cooperacio","tag-corporatiu"],"acf":[],"_links":{"self":[{"href":"https:\/\/www.manifestacom.com\/es\/wp-json\/wp\/v2\/posts\/1424","targetHints":{"allow":["GET"]}}],"collection":[{"href":"https:\/\/www.manifestacom.com\/es\/wp-json\/wp\/v2\/posts"}],"about":[{"href":"https:\/\/www.manifestacom.com\/es\/wp-json\/wp\/v2\/types\/post"}],"author":[{"embeddable":true,"href":"https:\/\/www.manifestacom.com\/es\/wp-json\/wp\/v2\/users\/1"}],"replies":[{"embeddable":true,"href":"https:\/\/www.manifestacom.com\/es\/wp-json\/wp\/v2\/comments?post=1424"}],"version-history":[{"count":1,"href":"https:\/\/www.manifestacom.com\/es\/wp-json\/wp\/v2\/posts\/1424\/revisions"}],"predecessor-version":[{"id":1717,"href":"https:\/\/www.manifestacom.com\/es\/wp-json\/wp\/v2\/posts\/1424\/revisions\/1717"}],"wp:featuredmedia":[{"embeddable":true,"href":"https:\/\/www.manifestacom.com\/es\/wp-json\/wp\/v2\/media\/983"}],"wp:attachment":[{"href":"https:\/\/www.manifestacom.com\/es\/wp-json\/wp\/v2\/media?parent=1424"}],"wp:term":[{"taxonomy":"category","embeddable":true,"href":"https:\/\/www.manifestacom.com\/es\/wp-json\/wp\/v2\/categories?post=1424"},{"taxonomy":"post_tag","embeddable":true,"href":"https:\/\/www.manifestacom.com\/es\/wp-json\/wp\/v2\/tags?post=1424"},{"taxonomy":"home_featured","embeddable":true,"href":"https:\/\/www.manifestacom.com\/es\/wp-json\/wp\/v2\/home_featured?post=1424"}],"curies":[{"name":"wp","href":"https:\/\/api.w.org\/{rel}","templated":true}]}}