{"id":1426,"date":"2015-05-18T05:30:24","date_gmt":"2015-05-18T05:30:24","guid":{"rendered":"http:\/\/www.manifestacom.com\/facebook-tontea-con-el-new-york-times\/"},"modified":"2017-05-08T11:33:53","modified_gmt":"2017-05-08T11:33:53","slug":"facebook-tontea-con-el-new-york-times","status":"publish","type":"post","link":"https:\/\/www.manifestacom.com\/es\/facebook-tontea-con-el-new-york-times\/","title":{"rendered":"Facebook tontea con el New York Times"},"content":{"rendered":"<p style=\"text-align: center;\"><a href=\"http:\/\/www.manifestacom.com\/wp-content\/uploads\/2015\/05\/Facebook_5319003750.jpg\"><img loading=\"lazy\" decoding=\"async\" class=\"aligncenter\" title=\"Facebook_(5319003750)\" src=\"http:\/\/www.manifestacom.com\/wp-content\/uploads\/2015\/05\/Facebook_5319003750-580x386.jpg\" alt=\"\" width=\"348\" height=\"232\" \/><\/a><\/p>\n<p>El pasado mes de marzo se supo que Facebook manten\u00eda <a href=\"http:\/\/cat.elpais.com\/cat\/2015\/03\/24\/tecnologia\/1427214099_264987.html\" target=\"_blank\">conversaciones <\/a>con seis grandes empresas del mundo de la comunicaci\u00f3n para estudiar la posibilidad de alojar contenidos informativos en su sitio web. Hace pocos d\u00edas el gigante de Internet ha <a href=\"http:\/\/cat.elpais.com\/cat\/2015\/05\/13\/internacional\/1431490102_473389.html\" target=\"_blank\">anunciado <\/a>que este proyecto se inaugura con un colaborador muy glamoroso, The New York Times, ni m\u00e1s ni menos.<\/p>\n<p>Seg\u00fan explic\u00f3 Facebook, no todas las noticias publicadas por el diario estadounidense estar\u00e1n alojadas en la red social, sino que se har\u00e1 una selecci\u00f3n consensuada y basada en un an\u00e1lisis de datos. El diario las compartir\u00e1 desde su p\u00e1gina de Facebook sin necesidad de a\u00f1adir un enlace a la noticia original publicada en la p\u00e1gina web del medio.<\/p>\n<p>La publicaci\u00f3n sobre tecnolog\u00eda <a href=\"http:\/\/recode.net\/2015\/05\/12\/facebook-starts-publishing-the-new-york-times-buzzfeed-and-more-with-its-instant-articles-program\/\" target=\"_blank\">Recode<\/a> ha filtrado informaci\u00f3n sobre el acuerdo, seg\u00fan el cual los editores dispondr\u00e1n de herramientas para dar un formato m\u00e1s apropiado a sus contenidos informativos.<\/p>\n<p>Los colaboradores que seguir\u00e1n al emblem\u00e1tico diario neoyorquino no son menos importantes: BuzzFeed, NBC News, <em>National Geographic<\/em>, el diario <em>The Guardian<\/em>, la BBC y las publicaciones alemanas <em>Bild<\/em> y Spiegel Online.<\/p>\n<p>Con 1.400 millones de usuarios compartiendo noticias de actualidad, Facebook, fuente de tr\u00e1fico vital para los medios, es el gran enemigo a la vez el aliado m\u00e1s necesario de los medios de comunicaci\u00f3n. El misterioso algoritmo de Facebook ha penalizando \u00faltimamente los enlaces que conducen a los usuarios a p\u00e1ginas de informaci\u00f3n externas y los alejan de la red social. Aunque el algoritmo es secreto, expertos y usuarios sospechan que las publicaciones en el muro obtienen m\u00e1s visibilidad si conducen a contenidos alojados en el mismo Facebook que si van acompa\u00f1adas de un enlace externo.<\/p>\n<p>Este proyecto supone una aproximaci\u00f3n experimental entre ambos sectores comunicativos, que permitir\u00e1 a Facebook recoger datos sobre el consumo de noticias, un sector que hace meses que investiga.<\/p>\n","protected":false},"excerpt":{"rendered":"<p>El pasado mes de marzo se supo que Facebook manten\u00eda conversaciones con seis grandes empresas del mundo de la comunicaci\u00f3n para estudiar la posibilidad de alojar contenidos informativos en su sitio web. Hace pocos d\u00edas el gigante de Internet ha anunciado que este proyecto se&#8230;<\/p>\n","protected":false},"author":1,"featured_media":989,"comment_status":"open","ping_status":"open","sticky":false,"template":"","format":"standard","meta":{"footnotes":""},"categories":[421],"tags":[244,245,246,101,75],"home_featured":[],"class_list":["post-1426","post","type-post","status-publish","format-standard","has-post-thumbnail","hentry","category-el-post-es","tag-new-york-times","tag-not","tag-noticies","tag-facebook","tag-periodisme"],"acf":[],"_links":{"self":[{"href":"https:\/\/www.manifestacom.com\/es\/wp-json\/wp\/v2\/posts\/1426","targetHints":{"allow":["GET"]}}],"collection":[{"href":"https:\/\/www.manifestacom.com\/es\/wp-json\/wp\/v2\/posts"}],"about":[{"href":"https:\/\/www.manifestacom.com\/es\/wp-json\/wp\/v2\/types\/post"}],"author":[{"embeddable":true,"href":"https:\/\/www.manifestacom.com\/es\/wp-json\/wp\/v2\/users\/1"}],"replies":[{"embeddable":true,"href":"https:\/\/www.manifestacom.com\/es\/wp-json\/wp\/v2\/comments?post=1426"}],"version-history":[{"count":1,"href":"https:\/\/www.manifestacom.com\/es\/wp-json\/wp\/v2\/posts\/1426\/revisions"}],"predecessor-version":[{"id":1682,"href":"https:\/\/www.manifestacom.com\/es\/wp-json\/wp\/v2\/posts\/1426\/revisions\/1682"}],"wp:featuredmedia":[{"embeddable":true,"href":"https:\/\/www.manifestacom.com\/es\/wp-json\/wp\/v2\/media\/989"}],"wp:attachment":[{"href":"https:\/\/www.manifestacom.com\/es\/wp-json\/wp\/v2\/media?parent=1426"}],"wp:term":[{"taxonomy":"category","embeddable":true,"href":"https:\/\/www.manifestacom.com\/es\/wp-json\/wp\/v2\/categories?post=1426"},{"taxonomy":"post_tag","embeddable":true,"href":"https:\/\/www.manifestacom.com\/es\/wp-json\/wp\/v2\/tags?post=1426"},{"taxonomy":"home_featured","embeddable":true,"href":"https:\/\/www.manifestacom.com\/es\/wp-json\/wp\/v2\/home_featured?post=1426"}],"curies":[{"name":"wp","href":"https:\/\/api.w.org\/{rel}","templated":true}]}}