{"id":1429,"date":"2014-03-31T19:54:27","date_gmt":"2014-03-31T19:54:27","guid":{"rendered":"http:\/\/www.manifestacom.com\/fotoperiodistas-en-instagram-una-ventana-al-mundo\/"},"modified":"2017-05-11T11:25:01","modified_gmt":"2017-05-11T11:25:01","slug":"fotoperiodistas-en-instagram-una-ventana-al-mundo","status":"publish","type":"post","link":"https:\/\/www.manifestacom.com\/es\/fotoperiodistas-en-instagram-una-ventana-al-mundo\/","title":{"rendered":"Fotoperiodistas en Instagram: una ventana al mundo"},"content":{"rendered":"<div class=\"wp-caption aligncenter\" style=\"width: 590px;\"><a href=\"http:\/\/www.manifestacom.com\/wp-content\/uploads\/2014\/03\/Fotoperiodistes.jpg\"><img loading=\"lazy\" decoding=\"async\" title=\"Fotoperiodistes\" src=\"http:\/\/www.manifestacom.com\/wp-content\/uploads\/2014\/03\/Fotoperiodistes-580x394.jpg\" alt=\"\" width=\"580\" height=\"394\" \/><\/a><\/p>\n<p class=\"wp-caption-text\">Foto de la cuenta de Instagram de David Guttenfelder, fot\u00f3grafo de Associated Press y ganador de siete ediciones del World Press Photo.<\/p>\n<\/div>\n<p style=\"text-align: left;\">Tras el \u00e9xito de la aplicaci\u00f3n para smartphones y del primer rechazo por parte del mundo de la fotograf\u00eda, hace ya un tiempo que algunos profesionales han reconocido su potencial divulgador y han comenzado a utilizarla.<\/p>\n<p>Hoy recomendamos este <a href=\"http:\/\/mashable.com\/2013\/12\/26\/instagram-photojournalism\/?utm_cid=mash-com-fb-main-photo\" target=\"_blank\">art\u00edculo <\/a>de Mashable con una lista de 14 fotoperiodistas de todo el mundo que utilizan Instagram para darnos la oportunidad de mirar por un agujerito lugares tan rec\u00f3nditos como Corea del Norte o los impresionantes paisajes de la sequ\u00eda en el Cuerno de \u00c1frica.<\/p>\n","protected":false},"excerpt":{"rendered":"<p>Foto de la cuenta de Instagram de David Guttenfelder, fot\u00f3grafo de Associated Press y ganador de siete ediciones del World Press Photo. Tras el \u00e9xito de la aplicaci\u00f3n para smartphones y del primer rechazo por parte del mundo de la fotograf\u00eda, hace ya un tiempo&#8230;<\/p>\n","protected":false},"author":1,"featured_media":998,"comment_status":"open","ping_status":"open","sticky":false,"template":"","format":"standard","meta":{"footnotes":""},"categories":[422],"tags":[443,437,248,56,75],"home_featured":[],"class_list":["post-1429","post","type-post","status-publish","format-standard","has-post-thumbnail","hentry","category-la-noticia-y-el-comentario","tag-xarxes-socials-es","tag-internet-es","tag-fotografia","tag-comunicacio-2-0","tag-periodisme"],"acf":[],"_links":{"self":[{"href":"https:\/\/www.manifestacom.com\/es\/wp-json\/wp\/v2\/posts\/1429","targetHints":{"allow":["GET"]}}],"collection":[{"href":"https:\/\/www.manifestacom.com\/es\/wp-json\/wp\/v2\/posts"}],"about":[{"href":"https:\/\/www.manifestacom.com\/es\/wp-json\/wp\/v2\/types\/post"}],"author":[{"embeddable":true,"href":"https:\/\/www.manifestacom.com\/es\/wp-json\/wp\/v2\/users\/1"}],"replies":[{"embeddable":true,"href":"https:\/\/www.manifestacom.com\/es\/wp-json\/wp\/v2\/comments?post=1429"}],"version-history":[{"count":1,"href":"https:\/\/www.manifestacom.com\/es\/wp-json\/wp\/v2\/posts\/1429\/revisions"}],"predecessor-version":[{"id":1872,"href":"https:\/\/www.manifestacom.com\/es\/wp-json\/wp\/v2\/posts\/1429\/revisions\/1872"}],"wp:featuredmedia":[{"embeddable":true,"href":"https:\/\/www.manifestacom.com\/es\/wp-json\/wp\/v2\/media\/998"}],"wp:attachment":[{"href":"https:\/\/www.manifestacom.com\/es\/wp-json\/wp\/v2\/media?parent=1429"}],"wp:term":[{"taxonomy":"category","embeddable":true,"href":"https:\/\/www.manifestacom.com\/es\/wp-json\/wp\/v2\/categories?post=1429"},{"taxonomy":"post_tag","embeddable":true,"href":"https:\/\/www.manifestacom.com\/es\/wp-json\/wp\/v2\/tags?post=1429"},{"taxonomy":"home_featured","embeddable":true,"href":"https:\/\/www.manifestacom.com\/es\/wp-json\/wp\/v2\/home_featured?post=1429"}],"curies":[{"name":"wp","href":"https:\/\/api.w.org\/{rel}","templated":true}]}}