{"id":1431,"date":"2013-08-07T03:30:33","date_gmt":"2013-08-07T03:30:33","guid":{"rendered":"http:\/\/www.manifestacom.com\/froilan-twitter-y-el-desbloqueo-de-la-ironia-sobre-la-familia-real\/"},"modified":"2017-05-18T18:20:57","modified_gmt":"2017-05-18T18:20:57","slug":"froilan-twitter-y-el-desbloqueo-de-la-ironia-sobre-la-familia-real","status":"publish","type":"post","link":"https:\/\/www.manifestacom.com\/es\/froilan-twitter-y-el-desbloqueo-de-la-ironia-sobre-la-familia-real\/","title":{"rendered":"Froil\u00e1n, Twitter y el desbloqueo de la iron\u00eda sobre la familia real"},"content":{"rendered":"<div id=\"attachment_2010\" class=\"wp-caption aligncenter\" style=\"width: 590px;\">\n<p><a href=\"http:\/\/www.manifestacom.com\/2013\/08\/07\/froilan-twitter-i-el-desbloqueig-de-la-ironia-sobre-la-familia-real\/froilan\/\" rel=\"attachment wp-att-2010\"><img loading=\"lazy\" decoding=\"async\" class=\"size-medium wp-image-2010\" title=\"Froilan\" src=\"http:\/\/www.manifestacom.com\/wp-content\/uploads\/2013\/09\/Froilan-580x338.jpg\" alt=\"Uno de los fotomontajes que ironizaban en la red sobre la actitud de Froil\u00e1n.\" width=\"580\" height=\"338\" \/><\/a><\/p>\n<p class=\"wp-caption-text\">Uno de los fotomontajes que ironizaban en la red sobre la actitud de Froil\u00e1n.<\/p>\n<\/div>\n<p>Una vez m\u00e1s, las <a href=\"http:\/\/www.huffingtonpost.es\/2013\/04\/03\/ano-terrible-monarquia-botsuana-infanta_n_3009693.html\" target=\"_blank\">fechor\u00edas<\/a> de la familia real espa\u00f1ola han disparado el sarcasmo en Twitter. En este caso, el origen de las bromas ha sido la <a href=\"http:\/\/www.vanitatis.com\/casas-reales\/2013-08-06\/la-pelea-de-froilan-con-su-primo-pablo_15835\/\" target=\"_blank\">noticia <\/a>de una pelea entre Felipe Juan Froil\u00e1n de Todos los Santos, de 15 a\u00f1os, nieto mayor de los Reyes e hijo de la Infanta Elena, y su primo Pablo Urdangarin, hijo de la Infanta Cristina. Seg\u00fan las informaciones publicadas, el primero habr\u00eda dado un cabezazo e intentado clavar un pincho moruno al segundo durante las vacaciones familiares en Palma de Mallorca.<\/p>\n<p>Como ya ha ocurrido en ocasiones anteriores, comentarios de todo tipo <a href=\"https:\/\/twitter.com\/search?q=froil\u00e1n&amp;mode=relevance&amp;src=typd\" target=\"_blank\">inundaron <\/a>r\u00e1pidamente la red social Twitter, pero especialmente los sarc\u00e1sticos y humor\u00edsticos, que incluyen montajes fotogr\u00e1ficos como <a href=\"https:\/\/twitter.com\/moedetriana\/status\/364804813386563584\/photo\/1\" target=\"_blank\">\u00e9ste<\/a> o <a href=\"https:\/\/twitter.com\/FacuDiazT\/status\/364741764340408320\/photo\/1\" target=\"_blank\">\u00e9ste <\/a>. Durante la tarde del 6 de agosto, Froil\u00e1n fue<em> trendinc topic<\/em>, o tema del momento, en Twitter.<\/p>\n<p>\u00bfRecord\u00e1is cuando en julio de 2007, el juez de la Audiencia Nacional Juan del Olmo orden\u00f3 el <a href=\"http:\/\/elpais.com\/elpais\/2007\/07\/20\/actualidad\/1184919431_850215.html\" target=\"_blank\">secuestro <\/a>de la revista humor\u00edstica <em>El Jueves<\/em> porque publicaba en portada una caricatura de los Pr\u00edncipes de Asturias que consideraba denigrante? Meses m\u00e1s tarde, los autores fueron <a href=\"http:\/\/elpais.com\/elpais\/2007\/11\/13\/actualidad\/1194945417_850215.html\" target=\"_blank\">condenados <\/a>a pagar 3.000 \u20ac de multa por un <a href=\"http:\/\/es.wikipedia.org\/wiki\/Injurias_a_la_Corona\" target=\"_blank\">delito de injurias<\/a> al Pr\u00edncipe heredero, previsto en los art\u00edculos 490.3 y 491 del C\u00f3digo Penal espa\u00f1ol.<\/p>\n<p>\u00bfQu\u00e9 pasar\u00eda hoy si una caricatura similar se publicara y difundiera en las redes sociales? Afortunadamente, las redes han hecho m\u00e1s dif\u00edcil la utilizaci\u00f3n de este tipo de leyes para obstaculizar el derecho de la ciudadan\u00eda a debatir, criticar, comentar e ironizar libremente sobre una instituci\u00f3n p\u00fablica como la monarqu\u00eda. Ya qued\u00f3 bien claro con el <a href=\"http:\/\/www.elperiodico.com\/es\/noticias\/politica\/twitter-mofa-del-accidente-juan-carlos-1667361\" target=\"_blank\">caso del accidente de caza<\/a> del Rey Juan Carlos en Botsuana en abril del 2012, y seguro que tendremos muchas m\u00e1s ocasiones de comprobarlo en el futuro.<\/p>\n","protected":false},"excerpt":{"rendered":"<p>Uno de los fotomontajes que ironizaban en la red sobre la actitud de Froil\u00e1n. Una vez m\u00e1s, las fechor\u00edas de la familia real espa\u00f1ola han disparado el sarcasmo en Twitter. En este caso, el origen de las bromas ha sido la noticia de una pelea&#8230;<\/p>\n","protected":false},"author":1,"featured_media":1002,"comment_status":"open","ping_status":"open","sticky":false,"template":"","format":"standard","meta":{"footnotes":""},"categories":[422],"tags":[],"home_featured":[],"class_list":["post-1431","post","type-post","status-publish","format-standard","has-post-thumbnail","hentry","category-la-noticia-y-el-comentario"],"acf":[],"_links":{"self":[{"href":"https:\/\/www.manifestacom.com\/es\/wp-json\/wp\/v2\/posts\/1431","targetHints":{"allow":["GET"]}}],"collection":[{"href":"https:\/\/www.manifestacom.com\/es\/wp-json\/wp\/v2\/posts"}],"about":[{"href":"https:\/\/www.manifestacom.com\/es\/wp-json\/wp\/v2\/types\/post"}],"author":[{"embeddable":true,"href":"https:\/\/www.manifestacom.com\/es\/wp-json\/wp\/v2\/users\/1"}],"replies":[{"embeddable":true,"href":"https:\/\/www.manifestacom.com\/es\/wp-json\/wp\/v2\/comments?post=1431"}],"version-history":[{"count":2,"href":"https:\/\/www.manifestacom.com\/es\/wp-json\/wp\/v2\/posts\/1431\/revisions"}],"predecessor-version":[{"id":1985,"href":"https:\/\/www.manifestacom.com\/es\/wp-json\/wp\/v2\/posts\/1431\/revisions\/1985"}],"wp:featuredmedia":[{"embeddable":true,"href":"https:\/\/www.manifestacom.com\/es\/wp-json\/wp\/v2\/media\/1002"}],"wp:attachment":[{"href":"https:\/\/www.manifestacom.com\/es\/wp-json\/wp\/v2\/media?parent=1431"}],"wp:term":[{"taxonomy":"category","embeddable":true,"href":"https:\/\/www.manifestacom.com\/es\/wp-json\/wp\/v2\/categories?post=1431"},{"taxonomy":"post_tag","embeddable":true,"href":"https:\/\/www.manifestacom.com\/es\/wp-json\/wp\/v2\/tags?post=1431"},{"taxonomy":"home_featured","embeddable":true,"href":"https:\/\/www.manifestacom.com\/es\/wp-json\/wp\/v2\/home_featured?post=1431"}],"curies":[{"name":"wp","href":"https:\/\/api.w.org\/{rel}","templated":true}]}}