{"id":1436,"date":"2012-01-16T01:32:07","date_gmt":"2012-01-16T01:32:07","guid":{"rendered":"http:\/\/www.manifestacom.com\/grupo-julia-gestionara-el-bus-turistico-de-toledo\/"},"modified":"2017-05-09T16:04:29","modified_gmt":"2017-05-09T16:04:29","slug":"grupo-julia-gestionara-el-bus-turistico-de-toledo","status":"publish","type":"post","link":"https:\/\/www.manifestacom.com\/es\/grupo-julia-gestionara-el-bus-turistico-de-toledo\/","title":{"rendered":"Grupo Juli\u00e0 gestionar\u00e0 el bus tur\u00edstico de Toledo"},"content":{"rendered":"<p>Juli\u00e0 Travel, empresa especializada en servicios de turismo receptivo de <a title=\"Grupo Juli\u00e0\" href=\"http:\/\/www.julia.net\" target=\"_blank\">Grupo Juli\u00e0<\/a>, ha adquirido los derechos de la concesi\u00f3n del servicio de bus tur\u00edstico de Toledo, gestionado por la compa\u00f1\u00eda de transporte regular y discrecional Andalbus, S.A., hasta este momento. Los derechos de gesti\u00f3n y operaci\u00f3n del servicio, que se inici\u00f3 en junio del 2009, se prolongar\u00e1n hasta junio del 2015.<\/p>\n<p>El bus tur\u00edstico, que cambiar\u00e1 su nombre actual por el de Toledo City Tour, cuenta en la actualidad con una sola ruta de hasta 7 paradas y una flota de 3 autocares a la que se incorporar\u00e1 un nuevo veh\u00edculo durante los meses de temporada alta.<\/p>\n<p>La adquisici\u00f3n de los derechos de esta concesi\u00f3n consolida la apuesta estrat\u00e9gica de Grupo Juli\u00e0 por su divisi\u00f3n de buses tur\u00edsticos como unidad de negocio clave para el crecimiento de la compa\u00f1\u00eda tanto en territorio nacional como internacional. La compa\u00f1\u00eda participa actualmente en la gesti\u00f3n de los buses tur\u00edsticos de Madrid, Barcelona, Andorra, M\u00e9jico DF y Marrakech, con un desplazamiento total de m\u00e1s de 1.740.000 pasajeros en 2011. La operaci\u00f3n demuestra tambi\u00e9n el inter\u00e9s del grupo por potenciar su actividad en la zona centro de Espa\u00f1a, \u00e1rea geogr\u00e1fica en la que el grupo ha realizado numerosas inversiones recientemente y en la que dispone de m\u00e1s de 13.400 m2 de instalaciones y oficinas.<\/p>\n","protected":false},"excerpt":{"rendered":"<p>Juli\u00e0 Travel, empresa especializada en servicios de turismo receptivo de Grupo Juli\u00e0, ha adquirido los derechos de la concesi\u00f3n del servicio de bus tur\u00edstico de Toledo, gestionado por la compa\u00f1\u00eda de transporte regular y discrecional Andalbus, S.A., hasta este momento. Los derechos de gesti\u00f3n y&#8230;<\/p>\n","protected":false},"author":1,"featured_media":1017,"comment_status":"open","ping_status":"open","sticky":false,"template":"","format":"standard","meta":{"footnotes":""},"categories":[423],"tags":[250,251],"home_featured":[],"class_list":["post-1436","post","type-post","status-publish","format-standard","has-post-thumbnail","hentry","category-nuestros-clientes","tag-grup-julia","tag-bus-turistic"],"acf":[],"_links":{"self":[{"href":"https:\/\/www.manifestacom.com\/es\/wp-json\/wp\/v2\/posts\/1436","targetHints":{"allow":["GET"]}}],"collection":[{"href":"https:\/\/www.manifestacom.com\/es\/wp-json\/wp\/v2\/posts"}],"about":[{"href":"https:\/\/www.manifestacom.com\/es\/wp-json\/wp\/v2\/types\/post"}],"author":[{"embeddable":true,"href":"https:\/\/www.manifestacom.com\/es\/wp-json\/wp\/v2\/users\/1"}],"replies":[{"embeddable":true,"href":"https:\/\/www.manifestacom.com\/es\/wp-json\/wp\/v2\/comments?post=1436"}],"version-history":[{"count":1,"href":"https:\/\/www.manifestacom.com\/es\/wp-json\/wp\/v2\/posts\/1436\/revisions"}],"predecessor-version":[{"id":1799,"href":"https:\/\/www.manifestacom.com\/es\/wp-json\/wp\/v2\/posts\/1436\/revisions\/1799"}],"wp:featuredmedia":[{"embeddable":true,"href":"https:\/\/www.manifestacom.com\/es\/wp-json\/wp\/v2\/media\/1017"}],"wp:attachment":[{"href":"https:\/\/www.manifestacom.com\/es\/wp-json\/wp\/v2\/media?parent=1436"}],"wp:term":[{"taxonomy":"category","embeddable":true,"href":"https:\/\/www.manifestacom.com\/es\/wp-json\/wp\/v2\/categories?post=1436"},{"taxonomy":"post_tag","embeddable":true,"href":"https:\/\/www.manifestacom.com\/es\/wp-json\/wp\/v2\/tags?post=1436"},{"taxonomy":"home_featured","embeddable":true,"href":"https:\/\/www.manifestacom.com\/es\/wp-json\/wp\/v2\/home_featured?post=1436"}],"curies":[{"name":"wp","href":"https:\/\/api.w.org\/{rel}","templated":true}]}}