{"id":1440,"date":"2014-07-17T13:08:46","date_gmt":"2014-07-17T13:08:46","guid":{"rendered":"http:\/\/www.manifestacom.com\/grupo-julia-cierra-el-ano-2013-con-unas-ventas-de-274-millones-de-euros\/"},"modified":"2017-05-09T11:38:02","modified_gmt":"2017-05-09T11:38:02","slug":"grupo-julia-cierra-el-ano-2013-con-unas-ventas-de-274-millones-de-euros","status":"publish","type":"post","link":"https:\/\/www.manifestacom.com\/es\/grupo-julia-cierra-el-ano-2013-con-unas-ventas-de-274-millones-de-euros\/","title":{"rendered":"Grupo Juli\u00e0 cierra el a\u00f1o 2013 con unas ventas de 274 millones de euros"},"content":{"rendered":"<p><a href=\"http:\/\/www.manifestacom.com\/wp-content\/uploads\/2014\/07\/fc_130513_24902.jpg\"><img loading=\"lazy\" decoding=\"async\" class=\"aligncenter size-medium wp-image-2535\" title=\"Jos\u00e9 Fco. Adell, Consejero Delegado de Grupo Juli\u00e0.\" src=\"http:\/\/www.manifestacom.com\/wp-content\/uploads\/2014\/07\/fc_130513_24902-580x396.jpg\" alt=\"\" width=\"580\" height=\"396\" \/><\/a><\/p>\n<p><a title=\"Grupo Juli\u00e0\" href=\"http:\/\/www.grupojulia.com\" target=\"_blank\">Grupo Juli\u00e0<\/a> ha cerrado el ejercicio 2013 con una facturaci\u00f3n cercana a los 274 millones de euros, lo que supone un incremento del 12,9% con respecto al ejercicio anterior, en el que la facturaci\u00f3n alcanz\u00f3 los 242 millones. Durante 2013, el grupo ha incorporado cinco nuevos servicios de bus y tren tur\u00edstico y ha creado 70 nuevos puestos de trabajo, hasta llegar actualmente a los 1.124 empleados. Las inversiones del Grupo han alcanzado los 11 millones de euros.<\/p>\n<p>Consolidando la tendencia de los a\u00f1os anteriores, el negocio internacional va cobrando cada vez m\u00e1s protagonismo en la facturaci\u00f3n de la compa\u00f1\u00eda. As\u00ed, en 2013, la distribuci\u00f3n aproximada de las ventas ha sido de un 65,8% en el \u00e1mbito internacional \u00ady un 34,2% en el mercado espa\u00f1ol, una tendencia que se prev\u00e9 seguir\u00e1 acentu\u00e1ndose en el futuro.<\/p>\n<p>La divisi\u00f3n de turismo, la de mayor peso en el grupo, es tambi\u00e9n la que ha experimentado un mayor crecimiento al obtener unas ventas de m\u00e1s de 216 millones de euros (19,34%, un crecimiento de casi 7 puntos m\u00e1s que en el a\u00f1o anterior). M\u00e1s concretamente, <a title=\"Juli\u00e0 Travel\" href=\"http:\/\/www.juliatravel.com\/es\/inicio.html\" target=\"_blank\">Juli\u00e0 Travel<\/a> es el negocio que presenta un mayor aumento de ventas (15%) con respecto al a\u00f1o anterior. En el caso de Juli\u00e0 Central de Viajes, los nuevos acuerdos comerciales han implicado un incremento de la facturaci\u00f3n del 9% en relaci\u00f3n a 2012.<\/p>\n<p>En cuanto a las filiales internacionales del grupo dedicadas al turismo emisor, Juli\u00e0 Tours Argentina ha aumentado su facturaci\u00f3n un 27%, consolidando su primera posici\u00f3n en este mercado. Tambi\u00e9n Juli\u00e0 Tours M\u00e9xico obtiene resultados positivos alcanzando un r\u00e9cord de ventas y superando en un 5% las de 2012, mientras que la actividad en Puerto Rico, mercado todav\u00eda en per\u00edodo de recuperaci\u00f3n econ\u00f3mica, ha sufrido un descenso del 2% en la facturaci\u00f3n de 2013.<\/p>\n<p>La divisi\u00f3n de bus y tren tur\u00edstico, que a lo largo del a\u00f1o 2013 ha incorporado 5 nuevos servicios \u2014buses en Miami y San Sebasti\u00e1n y trenes en Girona, San Sebasti\u00e1n y Granada\u2014, ha generado una facturaci\u00f3n total de m\u00e1s de 34 millones de euros, un 4,25% m\u00e1s que el a\u00f1o anterior.<\/p>\n<p>Por \u00faltimo, en cuanto al negocio de transporte de viajeros, <a title=\"Autocares Juli\u00e0\" href=\"http:\/\/www.autocaresjulia.es\/es\/\" target=\"_blank\">Autocares Juli\u00e0<\/a>, ha visto crecer sus ventas un 1%.<\/p>\n<p>En l\u00ednea con los \u00faltimos ejercicios, en 2014 Grupo Juli\u00e0 centrar\u00e1 sus esfuerzos en la diversificaci\u00f3n e innovaci\u00f3n de sus productos y servicios y en la internacionalizaci\u00f3n de sus negocios y operaciones. El grupo prev\u00e9 unas inversiones de m\u00e1s de 14 millones de euros este a\u00f1o.<\/p>\n","protected":false},"excerpt":{"rendered":"<p>Grupo Juli\u00e0 ha cerrado el ejercicio 2013 con una facturaci\u00f3n cercana a los 274 millones de euros, lo que supone un incremento del 12,9% con respecto al ejercicio anterior, en el que la facturaci\u00f3n alcanz\u00f3 los 242 millones. Durante 2013, el grupo ha incorporado cinco&#8230;<\/p>\n","protected":false},"author":1,"featured_media":1029,"comment_status":"open","ping_status":"open","sticky":false,"template":"","format":"standard","meta":{"footnotes":""},"categories":[423],"tags":[260,261,262,263,252,180,183,68],"home_featured":[],"class_list":["post-1440","post","type-post","status-publish","format-standard","has-post-thumbnail","hentry","category-nuestros-clientes","tag-movilidad","tag-transport","tag-transportes","tag-turoperador","tag-mobilitat","tag-grupo-julia","tag-turismo","tag-turisme"],"acf":[],"_links":{"self":[{"href":"https:\/\/www.manifestacom.com\/es\/wp-json\/wp\/v2\/posts\/1440","targetHints":{"allow":["GET"]}}],"collection":[{"href":"https:\/\/www.manifestacom.com\/es\/wp-json\/wp\/v2\/posts"}],"about":[{"href":"https:\/\/www.manifestacom.com\/es\/wp-json\/wp\/v2\/types\/post"}],"author":[{"embeddable":true,"href":"https:\/\/www.manifestacom.com\/es\/wp-json\/wp\/v2\/users\/1"}],"replies":[{"embeddable":true,"href":"https:\/\/www.manifestacom.com\/es\/wp-json\/wp\/v2\/comments?post=1440"}],"version-history":[{"count":1,"href":"https:\/\/www.manifestacom.com\/es\/wp-json\/wp\/v2\/posts\/1440\/revisions"}],"predecessor-version":[{"id":1776,"href":"https:\/\/www.manifestacom.com\/es\/wp-json\/wp\/v2\/posts\/1440\/revisions\/1776"}],"wp:featuredmedia":[{"embeddable":true,"href":"https:\/\/www.manifestacom.com\/es\/wp-json\/wp\/v2\/media\/1029"}],"wp:attachment":[{"href":"https:\/\/www.manifestacom.com\/es\/wp-json\/wp\/v2\/media?parent=1440"}],"wp:term":[{"taxonomy":"category","embeddable":true,"href":"https:\/\/www.manifestacom.com\/es\/wp-json\/wp\/v2\/categories?post=1440"},{"taxonomy":"post_tag","embeddable":true,"href":"https:\/\/www.manifestacom.com\/es\/wp-json\/wp\/v2\/tags?post=1440"},{"taxonomy":"home_featured","embeddable":true,"href":"https:\/\/www.manifestacom.com\/es\/wp-json\/wp\/v2\/home_featured?post=1440"}],"curies":[{"name":"wp","href":"https:\/\/api.w.org\/{rel}","templated":true}]}}