{"id":1445,"date":"2014-11-27T08:10:10","date_gmt":"2014-11-27T08:10:10","guid":{"rendered":"http:\/\/www.manifestacom.com\/honda-presenta-su-nuevo-vehiculo-de-pila-de-combustible-el-honda-fcv-concept\/"},"modified":"2017-05-04T13:07:39","modified_gmt":"2017-05-04T13:07:39","slug":"honda-presenta-su-nuevo-vehiculo-de-pila-de-combustible-el-honda-fcv-concept","status":"publish","type":"post","link":"https:\/\/www.manifestacom.com\/es\/honda-presenta-su-nuevo-vehiculo-de-pila-de-combustible-el-honda-fcv-concept\/","title":{"rendered":"Honda presenta su nuevo veh\u00edculo de pila de combustible, el Honda FCV Concept"},"content":{"rendered":"<div id=\"attachment_2654\" class=\"wp-caption aligncenter\" style=\"width: 590px\"><a href=\"http:\/\/www.manifestacom.com\/wp-content\/uploads\/2014\/11\/Copia-de-FCX_Concept_.jpg\"><img loading=\"lazy\" decoding=\"async\" class=\"size-medium wp-image-2654\" title=\"Honda FCV Concept.\" src=\"http:\/\/www.manifestacom.com\/wp-content\/uploads\/2014\/11\/Copia-de-FCX_Concept_-580x335.jpg\" alt=\"\" width=\"580\" height=\"335\" \/><\/a><\/p>\n<p class=\"wp-caption-text\">Honda FCV Concept.<\/p>\n<\/div>\n<p>Con su apuesta por contribuir a la futura <em>sociedad del hidr\u00f3geno<\/em> y una sociedad libre de emisiones, <a title=\"Honda Worldwide\" href=\"http:\/\/world.honda.com\/\" target=\"_blank\">Honda Motor Co., Ltd.<\/a> ha desvelado, en primicia mundial, el <a title=\"Honda FCV Concept\" href=\"http:\/\/www.hondadreams.es\/2014\/11\/18\/honda-fcv-concept-el-futuro-de-la-movilidad-sin-emisiones-ya-esta-aqui\/\" target=\"_blank\">Honda FCV CONCEPT<\/a>, un concept car de pila de combustible alimentada con hidr\u00f3geno completamente nuevo, y el Honda Power Exporter Concept, un dispositivo de alimentaci\u00f3n de energ\u00eda externo.<\/p>\n<p>La comercializaci\u00f3n del nuevo Honda FCV Concept, con el que la compa\u00f1\u00eda se ha propuesto el reto de alcanzar una nueva mejora en el rendimiento de los antecesores y una reducci\u00f3n en su coste, est\u00e1 prevista para finales de marzo de 2016 en Jap\u00f3n y, posteriormente, en los Estados Unidos y Europa. Adem\u00e1s, la multinacional japonesa potenciar\u00e1 el desarrollo e implementaci\u00f3n de su estaci\u00f3n de hidr\u00f3geno inteligente, conocida por sus siglas en ingl\u00e9s SHS (Smart Hydrogen Station).<\/p>\n<p>Honda ha liderado el desarrollo de veh\u00edculos de pila de combustible, m\u00e1s all\u00e1 de la investigaci\u00f3n y el desarrollo, mediante el almacenamiento de datos obtenidos sobre el comportamiento en el mundo real a partir de su comercializaci\u00f3n en Jap\u00f3n y EEUU, incluyendo las opiniones y comentarios de sus usuarios. El Honda FCV CONCEPT es el prototipo de autom\u00f3vil de pila de combustible que ha de suceder al FCX Clarity. De este modo, Honda contin\u00faa su avance hacia la futura <em>sociedad del hidr\u00f3geno<\/em> bajo tres conceptos clave\u00a0 \u2013generar, utilizar y conectar\u2013 con el objetivo de alcanzar lo antes posible las cero emisiones.<\/p>\n","protected":false},"excerpt":{"rendered":"<p>Honda FCV Concept. Con su apuesta por contribuir a la futura sociedad del hidr\u00f3geno y una sociedad libre de emisiones, Honda Motor Co., Ltd. ha desvelado, en primicia mundial, el Honda FCV CONCEPT, un concept car de pila de combustible alimentada con hidr\u00f3geno completamente nuevo,&#8230;<\/p>\n","protected":false},"author":1,"featured_media":1042,"comment_status":"open","ping_status":"open","sticky":false,"template":"","format":"standard","meta":{"footnotes":""},"categories":[423],"tags":[271,265,266,267,268,269,270,224],"home_featured":[],"class_list":["post-1445","post","type-post","status-publish","format-standard","has-post-thumbnail","hentry","category-nuestros-clientes","tag-zero-emissions","tag-cero-emisiones","tag-concept-car","tag-honda-fcv-concept","tag-pila-de-combustible","tag-vehicle","tag-vehiculo","tag-honda"],"acf":[],"_links":{"self":[{"href":"https:\/\/www.manifestacom.com\/es\/wp-json\/wp\/v2\/posts\/1445","targetHints":{"allow":["GET"]}}],"collection":[{"href":"https:\/\/www.manifestacom.com\/es\/wp-json\/wp\/v2\/posts"}],"about":[{"href":"https:\/\/www.manifestacom.com\/es\/wp-json\/wp\/v2\/types\/post"}],"author":[{"embeddable":true,"href":"https:\/\/www.manifestacom.com\/es\/wp-json\/wp\/v2\/users\/1"}],"replies":[{"embeddable":true,"href":"https:\/\/www.manifestacom.com\/es\/wp-json\/wp\/v2\/comments?post=1445"}],"version-history":[{"count":1,"href":"https:\/\/www.manifestacom.com\/es\/wp-json\/wp\/v2\/posts\/1445\/revisions"}],"predecessor-version":[{"id":1552,"href":"https:\/\/www.manifestacom.com\/es\/wp-json\/wp\/v2\/posts\/1445\/revisions\/1552"}],"wp:featuredmedia":[{"embeddable":true,"href":"https:\/\/www.manifestacom.com\/es\/wp-json\/wp\/v2\/media\/1042"}],"wp:attachment":[{"href":"https:\/\/www.manifestacom.com\/es\/wp-json\/wp\/v2\/media?parent=1445"}],"wp:term":[{"taxonomy":"category","embeddable":true,"href":"https:\/\/www.manifestacom.com\/es\/wp-json\/wp\/v2\/categories?post=1445"},{"taxonomy":"post_tag","embeddable":true,"href":"https:\/\/www.manifestacom.com\/es\/wp-json\/wp\/v2\/tags?post=1445"},{"taxonomy":"home_featured","embeddable":true,"href":"https:\/\/www.manifestacom.com\/es\/wp-json\/wp\/v2\/home_featured?post=1445"}],"curies":[{"name":"wp","href":"https:\/\/api.w.org\/{rel}","templated":true}]}}